{"id":58757,"date":"2020-03-10T10:35:52","date_gmt":"2020-03-10T13:35:52","guid":{"rendered":"https:\/\/www.actualidadadiario.com\/?p=58757"},"modified":"2020-03-10T10:35:52","modified_gmt":"2020-03-10T13:35:52","slug":"analizaron-la-situacion-sanitaria-de-la-provincia","status":"publish","type":"post","link":"https:\/\/www.actualidadadiario.com\/index.php\/2020\/03\/10\/analizaron-la-situacion-sanitaria-de-la-provincia\/","title":{"rendered":"Analizaron la situaci\u00f3n sanitaria de la provincia"},"content":{"rendered":"<p style=\"text-align: center;\"><em><strong>Con el objetivo de analizar el mapa sanitario provincial, la ministra de Salud, Sonia Vel\u00e1zquez, se reuni\u00f3 con el diputado por Paran\u00e1, Julio Solanas, donde se plantearon diversos ejes de inter\u00e9s para desarrollar en conjunto<\/strong><\/em><\/p>\n<p>&nbsp;<\/p>\n<p>&nbsp;<\/p>\n<p>En la continuidad de las instancias de intercambio junto a legisladores, intendentes, instituciones acad\u00e9micas, sociedades cient\u00edficas y diferentes actores que intervienen en la definici\u00f3n e implementaci\u00f3n de pol\u00edticas sanitarias, la ministra de Salud, Sonia Vel\u00e1zquez mantuvo una reuni\u00f3n con el diputado provincial, Julio Solanas (Creer Entre R\u00edos &#8211; Paran\u00e1).<\/p>\n<p>Sobre el encuentro, la titular de la cartera sanitaria sostuvo: \u201cFue una instancia muy productiva con el diputado Solanas, a quien conozco hace muchos a\u00f1os, y juntos repasamos diferentes aspectos relacionados al componente sanitario y de otros determinantes sociales que atraviesan el proceso salud-enfermedad en la provincia\u201d. Asimismo, sostuvo que abordaron c\u00f3mo est\u00e1 organizada la red de servicios de salud a partir del reordenamiento que ha permitido garantizar la funcionalidad y calidad prestacional; e interioriz\u00f3 al legislador sobre el estado de las instituciones de discapacidad que guardan relaci\u00f3n directa con el Programa Incluir Salud, y las gestiones que mantiene el Ministerio ante el programa nacional.<\/p>\n<p>En el mismo sentido, Vel\u00e1zquez destac\u00f3 la importancia de llevar a cabo encuentros de esta naturaleza, y el inter\u00e9s del legislador en acompa\u00f1ar y optimizar marcos normativos y legislativos, a los fines de fortalecer tanto las pol\u00edticas p\u00fablicas del gobierno provincial como as\u00ed tambi\u00e9n los procesos que puedan contribuir en la gobernanza de la cartera sanitaria.<\/p>\n<p>Por su parte, el diputado Julio Solanas, valor\u00f3 la reuni\u00f3n y precis\u00f3: \u201cEl trabajo que viene desarrollando la ministra es de un compromiso enorme, bajo un criterio de austeridad ante una compleja situaci\u00f3n econ\u00f3mica, y sin perder de vista la prevenci\u00f3n y la atenci\u00f3n de la salud de las personas\u201d.<\/p>\n<p>El legislador se interes\u00f3 por las acciones y protocolos para la vigilancia ante la confirmaci\u00f3n de casos de coronavirus (Covid-19) en el pa\u00eds. Solanas mencion\u00f3 que est\u00e1 instalada la capacidad para la detecci\u00f3n de casos, su abordaje y tratamiento en la provincia. \u201cY esto se debe a que en la pandemia del 2009, con el virus Influenza H1N1, Salud despleg\u00f3 todos sus recursos e insumos para fortalecer las estrategias de prevenci\u00f3n y atenci\u00f3n, d\u00e1ndose todo un trabajo que se ha sostenido en el tiempo\u201d, complet\u00f3.<\/p>\n<p>En la oportunidad, tambi\u00e9n se evalu\u00f3 la posibilidad de propender una instancia de intercambio con todos los integrantes de la C\u00e1mara de Diputados de Entre R\u00edos, cuya propuesta fue planteada a su presidente \u00c1ngel Giano (Creer Entre R\u00edos \u2013 Concordia).<\/p>\n","protected":false},"excerpt":{"rendered":"<p>Con el objetivo de analizar el mapa sanitario provincial, la ministra de Salud, Sonia Vel\u00e1zquez, se reuni\u00f3 con el diputado por Paran\u00e1, Julio Solanas, donde se plantearon diversos ejes de inter\u00e9s para desarrollar en conjunto &nbsp; &nbsp; En la continuidad de las instancias de intercambio junto a legisladores, intendentes, instituciones acad\u00e9micas, sociedades cient\u00edficas y diferentes actores que intervienen en la definici\u00f3n e implementaci\u00f3n de pol\u00edticas sanitarias, la ministra de Salud, Sonia Vel\u00e1zquez mantuvo una reuni\u00f3n con el diputado provincial, Julio Solanas (Creer Entre R\u00edos &#8211; Paran\u00e1). Sobre el encuentro, la&#8230;<\/p>\n","protected":false},"author":3,"featured_media":58758,"comment_status":"closed","ping_status":"closed","sticky":false,"template":"","format":"standard","meta":[],"categories":[15],"tags":[],"_links":{"self":[{"href":"https:\/\/www.actualidadadiario.com\/index.php\/wp-json\/wp\/v2\/posts\/58757"}],"collection":[{"href":"https:\/\/www.actualidadadiario.com\/index.php\/wp-json\/wp\/v2\/posts"}],"about":[{"href":"https:\/\/www.actualidadadiario.com\/index.php\/wp-json\/wp\/v2\/types\/post"}],"author":[{"embeddable":true,"href":"https:\/\/www.actualidadadiario.com\/index.php\/wp-json\/wp\/v2\/users\/3"}],"replies":[{"embeddable":true,"href":"https:\/\/www.actualidadadiario.com\/index.php\/wp-json\/wp\/v2\/comments?post=58757"}],"version-history":[{"count":1,"href":"https:\/\/www.actualidadadiario.com\/index.php\/wp-json\/wp\/v2\/posts\/58757\/revisions"}],"predecessor-version":[{"id":58759,"href":"https:\/\/www.actualidadadiario.com\/index.php\/wp-json\/wp\/v2\/posts\/58757\/revisions\/58759"}],"wp:featuredmedia":[{"embeddable":true,"href":"https:\/\/www.actualidadadiario.com\/index.php\/wp-json\/wp\/v2\/media\/58758"}],"wp:attachment":[{"href":"https:\/\/www.actualidadadiario.com\/index.php\/wp-json\/wp\/v2\/media?parent=58757"}],"wp:term":[{"taxonomy":"category","embeddable":true,"href":"https:\/\/www.actualidadadiario.com\/index.php\/wp-json\/wp\/v2\/categories?post=58757"},{"taxonomy":"post_tag","embeddable":true,"href":"https:\/\/www.actualidadadiario.com\/index.php\/wp-json\/wp\/v2\/tags?post=58757"}],"curies":[{"name":"wp","href":"https:\/\/api.w.org\/{rel}","templated":true}]}}