{"id":58755,"date":"2020-03-10T10:35:07","date_gmt":"2020-03-10T13:35:07","guid":{"rendered":"https:\/\/www.actualidadadiario.com\/?p=58755"},"modified":"2020-03-10T10:35:07","modified_gmt":"2020-03-10T13:35:07","slug":"aumentaron-a-69-los-casos-de-dengue-en-entre-rios","status":"publish","type":"post","link":"https:\/\/www.actualidadadiario.com\/index.php\/2020\/03\/10\/aumentaron-a-69-los-casos-de-dengue-en-entre-rios\/","title":{"rendered":"Aumentaron a 69 los casos de dengue en Entre R\u00edos"},"content":{"rendered":"<p style=\"text-align: center;\"><em><strong>&#8220;No estamos en una instancia de circulaci\u00f3n activa del virus&#8221;, aclararon autoridades sanitarias. Paran\u00e1 y Concordia son los lugares de circulaci\u00f3n aut\u00f3ctona de la enfermedad<\/strong><\/em><\/p>\n<p>&nbsp;<\/p>\n<p>&nbsp;<\/p>\n<p>Aumentaron a 69 los casos de dengue en Entre R\u00edos. As\u00ed lo dieron a conocer autoridades del Ministerio provincial de Salud durante una conferencia realizada este martes.<\/p>\n<p>Paran\u00e1 es el departamento donde se registran m\u00e1s casos: 35, mientras que Gualeguaych\u00fa suma nueve, hay seis en Diamante, cinco en Concordia, dos en Federaci\u00f3n y uno en los departamentos Uruguay, Islas y Col\u00f3n.<\/p>\n<p>En el mapa de casos de dengue emitido por la Provincia, actualizado al 10 de marzo de 2020, tambi\u00e9n incluyen &#8220;nueve casos correspondientes a otras jurisdicciones&#8221;.<\/p>\n<p>&#8220;Seguimos en el pico de la enfermedad, y a la fecha llevamos 69 casos en la provincia. Paran\u00e1 y Concordia son los lugares de circulaci\u00f3n aut\u00f3ctona de la enfermedad&#8221;, confirm\u00f3 el director de Epidemiologia, Diego Garcilazo, al tiempo que aclar\u00f3: &#8220;La mayor\u00eda de los casos son importados&#8221;.<\/p>\n<p>&#8220;Continuamos en la fase de contenci\u00f3n relacionada a la detecci\u00f3n de casos importados para su aislamiento a fin de evitar la transmisi\u00f3n a nivel local&#8221;, indic\u00f3.<\/p>\n","protected":false},"excerpt":{"rendered":"<p>&#8220;No estamos en una instancia de circulaci\u00f3n activa del virus&#8221;, aclararon autoridades sanitarias. Paran\u00e1 y Concordia son los lugares de circulaci\u00f3n aut\u00f3ctona de la enfermedad &nbsp; &nbsp; Aumentaron a 69 los casos de dengue en Entre R\u00edos. As\u00ed lo dieron a conocer autoridades del Ministerio provincial de Salud durante una conferencia realizada este martes. Paran\u00e1 es el departamento donde se registran m\u00e1s casos: 35, mientras que Gualeguaych\u00fa suma nueve, hay seis en Diamante, cinco en Concordia, dos en Federaci\u00f3n y uno en los departamentos Uruguay, Islas y Col\u00f3n. En el&#8230;<\/p>\n","protected":false},"author":3,"featured_media":6700,"comment_status":"closed","ping_status":"closed","sticky":false,"template":"","format":"standard","meta":[],"categories":[9],"tags":[],"_links":{"self":[{"href":"https:\/\/www.actualidadadiario.com\/index.php\/wp-json\/wp\/v2\/posts\/58755"}],"collection":[{"href":"https:\/\/www.actualidadadiario.com\/index.php\/wp-json\/wp\/v2\/posts"}],"about":[{"href":"https:\/\/www.actualidadadiario.com\/index.php\/wp-json\/wp\/v2\/types\/post"}],"author":[{"embeddable":true,"href":"https:\/\/www.actualidadadiario.com\/index.php\/wp-json\/wp\/v2\/users\/3"}],"replies":[{"embeddable":true,"href":"https:\/\/www.actualidadadiario.com\/index.php\/wp-json\/wp\/v2\/comments?post=58755"}],"version-history":[{"count":1,"href":"https:\/\/www.actualidadadiario.com\/index.php\/wp-json\/wp\/v2\/posts\/58755\/revisions"}],"predecessor-version":[{"id":58756,"href":"https:\/\/www.actualidadadiario.com\/index.php\/wp-json\/wp\/v2\/posts\/58755\/revisions\/58756"}],"wp:featuredmedia":[{"embeddable":true,"href":"https:\/\/www.actualidadadiario.com\/index.php\/wp-json\/wp\/v2\/media\/6700"}],"wp:attachment":[{"href":"https:\/\/www.actualidadadiario.com\/index.php\/wp-json\/wp\/v2\/media?parent=58755"}],"wp:term":[{"taxonomy":"category","embeddable":true,"href":"https:\/\/www.actualidadadiario.com\/index.php\/wp-json\/wp\/v2\/categories?post=58755"},{"taxonomy":"post_tag","embeddable":true,"href":"https:\/\/www.actualidadadiario.com\/index.php\/wp-json\/wp\/v2\/tags?post=58755"}],"curies":[{"name":"wp","href":"https:\/\/api.w.org\/{rel}","templated":true}]}}