{"id":58752,"date":"2020-03-10T10:34:29","date_gmt":"2020-03-10T13:34:29","guid":{"rendered":"https:\/\/www.actualidadadiario.com\/?p=58752"},"modified":"2020-03-10T10:34:29","modified_gmt":"2020-03-10T13:34:29","slug":"nacion-y-provincia-acuerdan-conformar-mesas-para-fortalecer-el-cooperativismo","status":"publish","type":"post","link":"https:\/\/www.actualidadadiario.com\/index.php\/2020\/03\/10\/nacion-y-provincia-acuerdan-conformar-mesas-para-fortalecer-el-cooperativismo\/","title":{"rendered":"Naci\u00f3n y provincia acuerdan conformar mesas para fortalecer el cooperativismo"},"content":{"rendered":"<p style=\"text-align: center;\"><em><strong>\u201cNos encontramos desde el punto de vista pol\u00edtico con una enorme sinton\u00eda\u201d, sostuvo este lunes el presidente del Instituto Nacional de Asociativismo y Econom\u00eda Social (Inaes), Mario Cafiero, al reunirse con el gobernador Gustavo Bordet, de quien destac\u00f3 que \u201ces un hombre del sector cooperativo\u201d<\/strong><\/em><\/p>\n<p>&nbsp;<\/p>\n<p>&nbsp;<\/p>\n<p>Acompa\u00f1ado por la vicegobernadora, Laura Stratta, el gobernador Gustavo Bordet y el titular del Inaes acordaron la conformaci\u00f3n de mesas que vinculen a mutuales, cooperativas, clubes y sindicatos, entre otros espacios.<\/p>\n<p>&#8220;Fue una muy buena reuni\u00f3n con el gobernador, la vicegobernadora y sus ministros y toda el \u00e1rea de la econom\u00eda social de Entre R\u00edos que es una provincia que tiene una trayectoria e historia important\u00edsima&#8221;, destac\u00f3 el funcionario nacional.<\/p>\n<p>Cafiero valor\u00f3 que m\u00e1s de 750.000 entrerrianos son socios de alguna cooperativa y m\u00e1s de 130.000 est\u00e1n asociados a alguna mutual. &#8220;Eso da idea de la importancia que tiene el asociativismo en la econom\u00eda de Entre R\u00edos y en la vida de los entrerrianos&#8221;, afirm\u00f3.<\/p>\n<p>Adem\u00e1s, se refiri\u00f3 a la situaci\u00f3n dif\u00edcil que atraviesa la Argentina y los esfuerzos que est\u00e1 haciendo el gobierno de Alberto Fern\u00e1ndez para sacar adelante el pa\u00eds. En ese marco, &#8220;creemos que el motor de la econom\u00eda social es muy importante para poner en marcha la econom\u00eda. Decimos que es el tercer motor porque est\u00e1 el primero que es el Estado, que con su gasto puede reactivar la econom\u00eda; est\u00e1 el motor del sector privado, el empresariado; y el tercer motor que es el de las cooperativas, mutuales, clubes, sindicatos y las organizaciones sociales, que el nuevo fen\u00f3meno de la Argentina en los \u00faltimos 25 a\u00f1os&#8221;.<\/p>\n<p>\u201cCreemos que todo ese mundo del asociativismo puede constituirse motor de la econom\u00eda. Por eso estamos promoviendo, y es lo que acordamos con el gobernador Gustavo Bordet, la puesta en marcha de las mesas del asociativismo y la econom\u00eda local\u201d.<\/p>\n<p>Detall\u00f3 que el prop\u00f3sito de las mesas es &#8220;fundamentalmente vincular y entrelazar las relaciones econ\u00f3micas y sociales entre mutuales, cooperativas, clubes y sindicatos, entre otros espacios. La idea es crear un mercado social y construirlo con valores que tienda a un precio justo para los productores, pero tambi\u00e9n que le rinda el salario a los trabajadores&#8221;.<\/p>\n<p>&#8220;Creo que la econom\u00eda social puede organizarse de una manera muy inteligente y ayudar de mucho a los problemas econ\u00f3micos que tenemos hoy los argentinos&#8221;, remarc\u00f3.<\/p>\n<p>Destac\u00f3 &#8220;el grado de conocimiento que tiene el contador Bordet porque \u00e9l trabaj\u00f3 en ese tema. Es un hombre del sector cooperativo, y por lo tanto, no hubo nada que explicarle. Conoce y eso sirve much\u00edsimo. Adem\u00e1s ya est\u00e1 sancionada una ley sobre econom\u00eda social en la provincia. Nos encontramos desde el punto de vista pol\u00edtico con una enorme sinton\u00eda y eso permitir\u00e1 que el trabajo sea m\u00e1s eficiente&#8221;, concluy\u00f3.<\/p>\n<p>En el encuentro tambi\u00e9n participaron la ministra de Gobierno, Rosario Romero, y su par de Producci\u00f3n, Juan Jos\u00e9 Bahillo, adem\u00e1s del presidente del Instituto de Cooperativas y Mutualidades de Entre R\u00edos, Ricardo Etchemendy; el secretario de Econom\u00eda Social de la provincia, Luis Precerutti, y el titular del Inaes delegaci\u00f3n Entre R\u00edos, Arturo Casalongue.<\/p>\n","protected":false},"excerpt":{"rendered":"<p>\u201cNos encontramos desde el punto de vista pol\u00edtico con una enorme sinton\u00eda\u201d, sostuvo este lunes el presidente del Instituto Nacional de Asociativismo y Econom\u00eda Social (Inaes), Mario Cafiero, al reunirse con el gobernador Gustavo Bordet, de quien destac\u00f3 que \u201ces un hombre del sector cooperativo\u201d &nbsp; &nbsp; Acompa\u00f1ado por la vicegobernadora, Laura Stratta, el gobernador Gustavo Bordet y el titular del Inaes acordaron la conformaci\u00f3n de mesas que vinculen a mutuales, cooperativas, clubes y sindicatos, entre otros espacios. &#8220;Fue una muy buena reuni\u00f3n con el gobernador, la vicegobernadora y sus&#8230;<\/p>\n","protected":false},"author":3,"featured_media":58753,"comment_status":"closed","ping_status":"closed","sticky":false,"template":"","format":"standard","meta":[],"categories":[9],"tags":[],"_links":{"self":[{"href":"https:\/\/www.actualidadadiario.com\/index.php\/wp-json\/wp\/v2\/posts\/58752"}],"collection":[{"href":"https:\/\/www.actualidadadiario.com\/index.php\/wp-json\/wp\/v2\/posts"}],"about":[{"href":"https:\/\/www.actualidadadiario.com\/index.php\/wp-json\/wp\/v2\/types\/post"}],"author":[{"embeddable":true,"href":"https:\/\/www.actualidadadiario.com\/index.php\/wp-json\/wp\/v2\/users\/3"}],"replies":[{"embeddable":true,"href":"https:\/\/www.actualidadadiario.com\/index.php\/wp-json\/wp\/v2\/comments?post=58752"}],"version-history":[{"count":1,"href":"https:\/\/www.actualidadadiario.com\/index.php\/wp-json\/wp\/v2\/posts\/58752\/revisions"}],"predecessor-version":[{"id":58754,"href":"https:\/\/www.actualidadadiario.com\/index.php\/wp-json\/wp\/v2\/posts\/58752\/revisions\/58754"}],"wp:featuredmedia":[{"embeddable":true,"href":"https:\/\/www.actualidadadiario.com\/index.php\/wp-json\/wp\/v2\/media\/58753"}],"wp:attachment":[{"href":"https:\/\/www.actualidadadiario.com\/index.php\/wp-json\/wp\/v2\/media?parent=58752"}],"wp:term":[{"taxonomy":"category","embeddable":true,"href":"https:\/\/www.actualidadadiario.com\/index.php\/wp-json\/wp\/v2\/categories?post=58752"},{"taxonomy":"post_tag","embeddable":true,"href":"https:\/\/www.actualidadadiario.com\/index.php\/wp-json\/wp\/v2\/tags?post=58752"}],"curies":[{"name":"wp","href":"https:\/\/api.w.org\/{rel}","templated":true}]}}