{"id":58748,"date":"2020-03-06T11:11:22","date_gmt":"2020-03-06T14:11:22","guid":{"rendered":"https:\/\/www.actualidadadiario.com\/?p=58748"},"modified":"2020-03-06T11:11:22","modified_gmt":"2020-03-06T14:11:22","slug":"primer-caso-de-contagio-de-coronavirus-en-el-vaticano","status":"publish","type":"post","link":"https:\/\/www.actualidadadiario.com\/index.php\/2020\/03\/06\/primer-caso-de-contagio-de-coronavirus-en-el-vaticano\/","title":{"rendered":"Primer caso de contagio de coronavirus en el Vaticano"},"content":{"rendered":"<p style=\"text-align: center;\"><em><strong>Una mujer se convirti\u00f3 en el primer caso de una persona contagiada en el Vaticano, donde se cerraron temporalmente todos los centros sanitarios para su desinfecci\u00f3n general<\/strong><\/em><\/p>\n<p>&nbsp;<\/p>\n<p>&nbsp;<\/p>\n<p>Los servicios m\u00e9dicos confirmaron que una mujer se convirti\u00f3 en el primer caso de una persona contagiada de coronavirus COVID-19 en el Vaticano, donde se cerraron temporalmente todos los centros sanitarios para su desinfecci\u00f3n general, informaron fuentes oficiales.<\/p>\n<p>&#8220;Esta ma\u00f1ana han sido suspendidos temporalmente todos los servicios del ambulatorio de la Direcci\u00f3n de Sanidad e Higiene del Estado de la Ciudad del Vaticano, para poder desinfectar los ambientes despu\u00e9s de que un paciente diera positivo al test diagn\u00f3stico de coronavirus&#8221;, anunci\u00f3 el director de la oficina de prensa, Matteo Bruni.<\/p>\n<p>Seg\u00fan informaron las agencias EFE y DPA, los servicios de urgencias contin\u00faan activos y se inform\u00f3 a las autoridades italianas de la situaci\u00f3n mientas que se activaron los protocolos previstos, ya que el caso detectado fue en un ambulatorio al que suelen acudir los cardenales y los prelados.<\/p>\n<p>Ayer el Vaticano inform\u00f3 que estaban estudiando m\u00e1s medidas de control en la agenda del Papa, que podr\u00edan pasar por la suspensi\u00f3n de la audiencia general de los mi\u00e9rcoles y del \u00c1ngelus, como la cancelaci\u00f3n de las actividades de la Santa Sede para evitar el contagio de coronavirus.<\/p>\n<p>&#8220;En relaci\u00f3n a la actividad de los pr\u00f3ximos d\u00edas del Santo Padre, de la Santa Sede y del Estado de la Ciudad del Vaticano, se est\u00e1n estudiando nuevas medidas para evitar la difusi\u00f3n del Covid-19 en coordinaci\u00f3n con aquellas adoptadas por las autoridades italianas&#8221;, inform\u00f3 Bruni en una escueta nota de prensa.<\/p>\n<p>Este lunes, el Vaticano aclar\u00f3 que el resfriado &#8220;diagnosticado&#8221; al Papa no presentaba otros &#8220;s\u00edntomas&#8221;, y descart\u00f3 &#8220;otras patolog\u00edas&#8221; sin mencionar espec\u00edficamente el coronavirus, aunque algunos medios de comunicaci\u00f3n en Italia informaron que el Pont\u00edfice hab\u00eda resultados negativo a las pruebas de Covid-19.<\/p>\n<p>No obstante, Francisco celebra de forma &#8220;cotidiana&#8221; la misa en Santa Marta y sigue los ejercicios espirituales a distancia.<\/p>\n<p>Fue el propio Pont\u00edfice quien anunci\u00f3 el pasado domingo, durante el \u00c1ngelus, que no pod\u00eda ir a este retiro espiritual por su resfriado.<\/p>\n<p>&#8220;Lamentablemente, el resfriado me impide participar en estos ejercicios&#8221;, se lament\u00f3 Francisco desde el balc\u00f3n de su estudio privado en el Palacio Apost\u00f3lico, aunque aclar\u00f3 que &#8220;seguir\u00e1 las meditaciones&#8221; desde la casa Santa Marta, donde reside.<\/p>\n<p>SI bien, el Papa cancel\u00f3 toda su agenda p\u00fablica desde el viernes pasado, se inform\u00f3 que si contin\u00faa con algunas de sus encuentros privados.<\/p>\n","protected":false},"excerpt":{"rendered":"<p>Una mujer se convirti\u00f3 en el primer caso de una persona contagiada en el Vaticano, donde se cerraron temporalmente todos los centros sanitarios para su desinfecci\u00f3n general &nbsp; &nbsp; Los servicios m\u00e9dicos confirmaron que una mujer se convirti\u00f3 en el primer caso de una persona contagiada de coronavirus COVID-19 en el Vaticano, donde se cerraron temporalmente todos los centros sanitarios para su desinfecci\u00f3n general, informaron fuentes oficiales. &#8220;Esta ma\u00f1ana han sido suspendidos temporalmente todos los servicios del ambulatorio de la Direcci\u00f3n de Sanidad e Higiene del Estado de la Ciudad&#8230;<\/p>\n","protected":false},"author":3,"featured_media":58749,"comment_status":"closed","ping_status":"closed","sticky":false,"template":"","format":"standard","meta":[],"categories":[4],"tags":[],"_links":{"self":[{"href":"https:\/\/www.actualidadadiario.com\/index.php\/wp-json\/wp\/v2\/posts\/58748"}],"collection":[{"href":"https:\/\/www.actualidadadiario.com\/index.php\/wp-json\/wp\/v2\/posts"}],"about":[{"href":"https:\/\/www.actualidadadiario.com\/index.php\/wp-json\/wp\/v2\/types\/post"}],"author":[{"embeddable":true,"href":"https:\/\/www.actualidadadiario.com\/index.php\/wp-json\/wp\/v2\/users\/3"}],"replies":[{"embeddable":true,"href":"https:\/\/www.actualidadadiario.com\/index.php\/wp-json\/wp\/v2\/comments?post=58748"}],"version-history":[{"count":1,"href":"https:\/\/www.actualidadadiario.com\/index.php\/wp-json\/wp\/v2\/posts\/58748\/revisions"}],"predecessor-version":[{"id":58750,"href":"https:\/\/www.actualidadadiario.com\/index.php\/wp-json\/wp\/v2\/posts\/58748\/revisions\/58750"}],"wp:featuredmedia":[{"embeddable":true,"href":"https:\/\/www.actualidadadiario.com\/index.php\/wp-json\/wp\/v2\/media\/58749"}],"wp:attachment":[{"href":"https:\/\/www.actualidadadiario.com\/index.php\/wp-json\/wp\/v2\/media?parent=58748"}],"wp:term":[{"taxonomy":"category","embeddable":true,"href":"https:\/\/www.actualidadadiario.com\/index.php\/wp-json\/wp\/v2\/categories?post=58748"},{"taxonomy":"post_tag","embeddable":true,"href":"https:\/\/www.actualidadadiario.com\/index.php\/wp-json\/wp\/v2\/tags?post=58748"}],"curies":[{"name":"wp","href":"https:\/\/api.w.org\/{rel}","templated":true}]}}