{"id":58745,"date":"2020-03-06T11:10:45","date_gmt":"2020-03-06T14:10:45","guid":{"rendered":"https:\/\/www.actualidadadiario.com\/?p=58745"},"modified":"2020-03-06T11:10:45","modified_gmt":"2020-03-06T14:10:45","slug":"coronavirus-segundo-caso-en-la-argentina","status":"publish","type":"post","link":"https:\/\/www.actualidadadiario.com\/index.php\/2020\/03\/06\/coronavirus-segundo-caso-en-la-argentina\/","title":{"rendered":"Coronavirus: segundo caso en la Argentina"},"content":{"rendered":"<p style=\"text-align: center;\"><em><strong>Lleg\u00f3 a la Argentina el 1 de marzo. Hizo una consulta m\u00e9dica el 3 por un cuadro de fiebre, tos y malestar general en un sanatorio privado de la ciudad de Buenos Aires. Ahora sigue internado y est\u00e1 en buen estado<\/strong><\/em><\/p>\n<p>&nbsp;<\/p>\n<p>&nbsp;<\/p>\n<p>Un joven de 23 a\u00f1os que regres\u00f3 al pa\u00eds desde el norte de Italia el pasado 1 de marzo dio positivo de coronavirus, en el segundo caso confirmado en Argentina, mientras hay otras nueve personas aisladas en sus domicilios o internadas por haber quedado expuestas a un posible contagio o por presentar s\u00edntomas compatibles con la enfermedad. El Ministerio de salud de la Naci\u00f3n confirm\u00f3 que el joven hizo una consulta m\u00e9dica el 3 de marzo por un cuadro de fiebre, tos y malestar general en un sanatorio privado de la ciudad de Buenos Aires, donde actualmente est\u00e1 internado.<\/p>\n<p>El nuevo paciente regres\u00f3 al pa\u00eds el mismo d\u00eda y desde la misma zona desde la que arrib\u00f3 al pa\u00eds el hombre de 43 a\u00f1os que dio positivo el martes pasado, aunque anoche no se inform\u00f3 s\u00ed coincidieron en el vuelo.<\/p>\n<p>Sobre el primer caso, el ministerio de Salud de la Naci\u00f3n detall\u00f3 que \u201clos contactos estrechos del caso confirmado fueron identificados y contactados por las autoridades de la jurisdicci\u00f3n para que cumplan el aislamiento domiciliario y se les realice a diario el seguimiento para la detecci\u00f3n temprana de s\u00edntomas\u201d. De todos modos, de momento ninguno de ellos present\u00f3 s\u00edntomas compatibles con el virus. En Argentina, reiter\u00f3 la cartera, no se registr\u00f3 ning\u00fan caso de transmisi\u00f3n local.<\/p>\n<p>El paciente es un joven que &#8220;no presenta comorbilidades y se encuentra en buen estado general, internado para asegurar las medidas de aislamiento. Mientras que las autoridades sanitarias de la jurisdicci\u00f3n realizan la investigaci\u00f3n epidemiol\u00f3gica&#8221;, dijo el informe oficial. La cartera sanitaria destac\u00f3 que se trata &#8220;de otro caso importado&#8221; y se\u00f1al\u00f3 que Argentina &#8220;contin\u00faa en etapa de contenci\u00f3n con el objetivo de lograr la detecci\u00f3n precoz, el estudio, el aislamiento de un eventual caso y el seguimiento estricto de sus contactos&#8221;<\/p>\n<p>Las autoridades sanitarias subrayaron la importancia de la consulta precoz ante la presencia de fiebre, s\u00edntomas respiratorios (tos, dolor de garganta, dificultad para respirar) y el antecedente de viaje a zonas con circulaci\u00f3n viral o contacto estrecho con un caso. Tambi\u00e9n es fundamental que las personas no se automediquen, no subestimen los s\u00edntomas, eviten el contacto con otras personas y hagan menci\u00f3n a la situaci\u00f3n para la atenci\u00f3n inmediata.<\/p>\n<p>Ante este segundo caso, el Ministerio de Salud de la Naci\u00f3n inst\u00f3 al equipo de salud de todo el pa\u00eds, del sector p\u00fablico, seguridad social y sector privado a mantenerse alerta y seguir las recomendaciones vigentes.<\/p>\n<p>En tanto, otras nueve personas contin\u00faan aisladas en sus domicilios o internadas por haber quedado expuestas a un posible contagio o por presentar s\u00edntomas compatibles con el coronavirus, en tanto fueron descartados tres casos.<\/p>\n<p>Entre los casos sospechosos de haber contra\u00eddo Covid-19, se encuentran los seis pasajeros que compartieron el vuelo desde Italia a Buenos Aires en el que se traslad\u00f3 el hombre de 43 a\u00f1os que padeci\u00f3 el contagio; su hermano, que lo fue a buscar al aeropuerto de Ezeiza; un paciente en C\u00f3rdoba, otro en Mendoza y otro en Entre R\u00edos.<\/p>\n<p>Fueron descartados un caso de coronavirus en Rosario y dos en Tucum\u00e1n, mientras se aguardan los resultados de los an\u00e1lisis realizados a una mujer en Entre R\u00edos, un hombre en Mendoza y otro en Misiones, a quien le dieron el alta mientras se espera el resultado de la segunda prueba.<\/p>\n<p>En tanto, Misiones confirm\u00f3 que el turista alem\u00e1n que contrajo dengue y, que por la activaci\u00f3n del protocolo de coronavirus qued\u00f3 internado en Puerto Iguaz\u00fa, se retir\u00f3 del hospital con indicaciones de hacer reposo en su alojamiento tras los resultados negativos del primer an\u00e1lisis de Covid-19 que se llev\u00f3 a cabo en Posadas.<\/p>\n<p>En la ciudad de Buenos Aires, las autoridades sanitarias cambiaron el protocolo por posibles casos de coronavirus: ahora no recomiendan ir a un centro de salud, sino realizar una llamada al 107 para que una ambulancia vaya a buscar a la persona y evitar as\u00ed eventuales contagios.<\/p>\n<p>Aerol\u00edneas Argentinas anunci\u00f3 &#8220;ajustes&#8221; en su programaci\u00f3n a la ciudad de Roma durante este mes, como consecuencia de la ca\u00edda de reservas por la propagaci\u00f3n del coronavirus en distintas zonas de la pen\u00ednsula it\u00e1lica.<\/p>\n<p>Seg\u00fan indic\u00f3 la empresa, se dispuso la cancelaci\u00f3n de los vuelos los d\u00edas 12, 16, 19, 26, 28 y 30 de marzo y sus correspondientes regresos del d\u00eda siguiente, por lo que de esta manera, la compa\u00f1\u00eda operar\u00e1 de manera provisoria, 3 frecuencias semanales.<\/p>\n<p>Aerol\u00edneas solicit\u00f3 a aquellos pasajeros que tengan reservas en los vuelos mencionados, comunicarse con la compa\u00f1\u00eda para realizar el cambio de sus tickets y se indic\u00f3 que la empresa permitir\u00e1 a los pasajeros cambiar sus reservas para un vuelo anterior o posterior as\u00ed como tambi\u00e9n la posibilidad de hacerlo v\u00eda Madrid en la fecha prevista para el viaje.<\/p>\n<p>El Pami, adem\u00e1s, activ\u00f3 \u201clos protocolos sanitarios correspondientes ante un eventual brote\u201d y reiter\u00f3 la importancia de la prevenci\u00f3n, al tiempo que los expertos recordaron que, aunque afecta a pacientes de todas las edades, el Covid-19 tiene una mortandad mayor entre adultos mayores de m\u00e1s de 60 a\u00f1os, en tanto que en ni\u00f1os es nula.<\/p>\n<p>En tanto, la Organizaci\u00f3n Mundial de la Salud (OMS) elev\u00f3 a 3281 las muertes y 95265 los casos diagnosticados en todo el mundo. En conferencia de prensa, el director del organismo, Tedros Adhanom Ghebreyesus, se\u00f1al\u00f3 que, aun cuando la mayor\u00eda de los casos se registran &#8220;en un pu\u00f1ado de pa\u00edses&#8221;, los expertos est\u00e1n &#8220;profundamente preocupados por el creciente n\u00famero de pa\u00edses que informan casos&#8221;.<\/p>\n<p>En la regi\u00f3n, Brasil confirm\u00f3 ocho casos, dos de los cuales fueron de transmisi\u00f3n local: en ambos casos, se trat\u00f3 de personas cercanas a un ciudadano brasilero que hab\u00eda viajado a Italia, donde contrajo el virus, y a quienes el coronavirus les fue transmitido ya en territorio brasile\u00f1o.<\/p>\n","protected":false},"excerpt":{"rendered":"<p>Lleg\u00f3 a la Argentina el 1 de marzo. Hizo una consulta m\u00e9dica el 3 por un cuadro de fiebre, tos y malestar general en un sanatorio privado de la ciudad de Buenos Aires. Ahora sigue internado y est\u00e1 en buen estado &nbsp; &nbsp; Un joven de 23 a\u00f1os que regres\u00f3 al pa\u00eds desde el norte de Italia el pasado 1 de marzo dio positivo de coronavirus, en el segundo caso confirmado en Argentina, mientras hay otras nueve personas aisladas en sus domicilios o internadas por haber quedado expuestas a un&#8230;<\/p>\n","protected":false},"author":3,"featured_media":58746,"comment_status":"closed","ping_status":"closed","sticky":false,"template":"","format":"standard","meta":[],"categories":[4],"tags":[],"_links":{"self":[{"href":"https:\/\/www.actualidadadiario.com\/index.php\/wp-json\/wp\/v2\/posts\/58745"}],"collection":[{"href":"https:\/\/www.actualidadadiario.com\/index.php\/wp-json\/wp\/v2\/posts"}],"about":[{"href":"https:\/\/www.actualidadadiario.com\/index.php\/wp-json\/wp\/v2\/types\/post"}],"author":[{"embeddable":true,"href":"https:\/\/www.actualidadadiario.com\/index.php\/wp-json\/wp\/v2\/users\/3"}],"replies":[{"embeddable":true,"href":"https:\/\/www.actualidadadiario.com\/index.php\/wp-json\/wp\/v2\/comments?post=58745"}],"version-history":[{"count":1,"href":"https:\/\/www.actualidadadiario.com\/index.php\/wp-json\/wp\/v2\/posts\/58745\/revisions"}],"predecessor-version":[{"id":58747,"href":"https:\/\/www.actualidadadiario.com\/index.php\/wp-json\/wp\/v2\/posts\/58745\/revisions\/58747"}],"wp:featuredmedia":[{"embeddable":true,"href":"https:\/\/www.actualidadadiario.com\/index.php\/wp-json\/wp\/v2\/media\/58746"}],"wp:attachment":[{"href":"https:\/\/www.actualidadadiario.com\/index.php\/wp-json\/wp\/v2\/media?parent=58745"}],"wp:term":[{"taxonomy":"category","embeddable":true,"href":"https:\/\/www.actualidadadiario.com\/index.php\/wp-json\/wp\/v2\/categories?post=58745"},{"taxonomy":"post_tag","embeddable":true,"href":"https:\/\/www.actualidadadiario.com\/index.php\/wp-json\/wp\/v2\/tags?post=58745"}],"curies":[{"name":"wp","href":"https:\/\/api.w.org\/{rel}","templated":true}]}}