{"id":58733,"date":"2020-03-06T11:07:40","date_gmt":"2020-03-06T14:07:40","guid":{"rendered":"https:\/\/www.actualidadadiario.com\/?p=58733"},"modified":"2020-03-06T11:07:40","modified_gmt":"2020-03-06T14:07:40","slug":"amlo-choca-con-el-movimiento-feminista-y-cae-su-imagen","status":"publish","type":"post","link":"https:\/\/www.actualidadadiario.com\/index.php\/2020\/03\/06\/amlo-choca-con-el-movimiento-feminista-y-cae-su-imagen\/","title":{"rendered":"AMLO choca con el movimiento feminista y cae su imagen"},"content":{"rendered":"<p style=\"text-align: center;\"><em><strong>El presidente mexicano perdi\u00f3 adhesi\u00f3n en la clase media tras la ola de femicidios y su tibia respuesta a los reclamos de g\u00e9nero<\/strong><\/em><\/p>\n<p>&nbsp;<\/p>\n<p>Andr\u00e9s Manuel L\u00f3pez Obrador comenz\u00f3 a padecer la ca\u00edda en su imagen luego de chocar con el movimiento feminista con una falta de mu\u00f1eca pol\u00edtica que le complic\u00f3 su ascendencia a las clases medias de M\u00e9xico.<\/p>\n<p>Las \u00faltimas encuestas revelaron que el presidente de M\u00e9xico perdi\u00f3 entre 6 y 7 puntos de imagen positiva en el \u00faltimo trimestre. La imagen positiva de AMLO sigue siendo alta, ya que supera el 55 por ciento, pero su ca\u00edda ya acumula 20 puntos en el \u00faltimo a\u00f1o, tras el primer a\u00f1o de mandato. Seg\u00fan una encuesta que public\u00f3 El Universal, AMLO al comienzo de su mandato era reprobado por 17.6%, 15 meses despu\u00e9s se encuentra en 29.8%, lo que representa un aumento de 12.2%.<\/p>\n<p>Las encuestadoras coinciden en que la raz\u00f3n del fin de la luna de miel del presidente con la clase media universitaria y de los grandes centros urbanos como el de Ciudad de M\u00e9xico fue la ola de femicidios que sacudi\u00f3 al pa\u00eds en el \u00faltimo a\u00f1o y la tibia respuesta de AMLO ante los reclamos del movimiento feminista.<\/p>\n<p>En 2019, en M\u00e9xico hubo 4000 femicidios, lo que da un escalofriante promedio de 10 mujeres muertas por d\u00eda. En las \u00faltimas semanas hubo dos casos que incluso trascendieron las fronteras de M\u00e9xico y que golpearon muy fuerte en la opini\u00f3n p\u00fablica.<\/p>\n<p>Uno fue el del homicidio y tortura de F\u00e1tima, una ni\u00f1a de 7 a\u00f1os. El otro fue el caso de Ingrid Escamilla, asesinada y desmembrada por su pareja. Este \u00faltimo caso cal\u00f3 hondo en la opini\u00f3n p\u00fablica porque se publicaron las fotos de la v\u00edctima en medios de &#8220;nota roja&#8221;, como se les dice en M\u00e9xico a los medios sensacionalistas.<\/p>\n<p>Los dos casos dieron nuevo impulso al movimiento feminista que en M\u00e9xico que ya hab\u00eda generado tensi\u00f3n con AMLO en los \u00faltimos meses, luego de marchas, pintadas y protestas incluso frente al Palacio Nacional.<\/p>\n<p>AMLO no s\u00f3lo no supo manejar el tema sino que se puso de frente a las feministas. En sus &#8220;ma\u00f1aneras&#8221;, las conferencias de prensa de dos horas que brinda todas las ma\u00f1anas, les pidi\u00f3 a las feministas que no pintaran edificios en vez de mostrarse emp\u00e1tico con el movimiento ante la situaci\u00f3n incontrolable de los femicidios. Adem\u00e1s dijo que no s\u00f3lo hab\u00eda femicidios sino que tambi\u00e9n en M\u00e9xico asesinaban a los varones. Incluso debi\u00f3 confirmar en su cargo al fiscal Alejandro Gertz Manero, quien qued\u00f3 vinculado a una propuesta para eliminar la figura del femicidio.<\/p>\n<p>En una suerte de reacci\u00f3n, el presidente public\u00f3 un manifiesto de 10 puntos en el que explicaba por qu\u00e9 su gobierno quer\u00eda a las mujeres. El manifiesto tuvo tan mala recepci\u00f3n en el p\u00fablico que lo debi\u00f3 retirar.<\/p>\n<p>Las mujeres comenzaron a organizarse contra AMLO, que dice que detr\u00e1s de la embestida de los movimientos feministas est\u00e1 el PAN y los sectores de derecha de M\u00e9xico.<\/p>\n<p>El pr\u00f3ximo domingo 8, el d\u00eda internacional de la mujer, va a haber una marcha para condensar todos los reclamos contra AMLO. Adem\u00e1s, para el lunes 9 las mujeres convocaron a un paro nacional con el lema &#8220;un d\u00eda sin nosotras&#8221;, en el que no s\u00f3lo no ir\u00e1n a trabajar sino evitar\u00e1n interacciones sociales y el consumo.<\/p>\n<p>La respuesta de AMLO ante ese desaf\u00edo caus\u00f3 un mayor malestar del que hab\u00eda: anunci\u00f3 que ese d\u00eda se iniciar\u00e1 la venta de los billetes para la rifa del equivalente en dinero del avi\u00f3n presidencial, una iniciativa rimbombante con la que viene copando la agenda hace meses.<\/p>\n","protected":false},"excerpt":{"rendered":"<p>El presidente mexicano perdi\u00f3 adhesi\u00f3n en la clase media tras la ola de femicidios y su tibia respuesta a los reclamos de g\u00e9nero &nbsp; Andr\u00e9s Manuel L\u00f3pez Obrador comenz\u00f3 a padecer la ca\u00edda en su imagen luego de chocar con el movimiento feminista con una falta de mu\u00f1eca pol\u00edtica que le complic\u00f3 su ascendencia a las clases medias de M\u00e9xico. Las \u00faltimas encuestas revelaron que el presidente de M\u00e9xico perdi\u00f3 entre 6 y 7 puntos de imagen positiva en el \u00faltimo trimestre. La imagen positiva de AMLO sigue siendo alta,&#8230;<\/p>\n","protected":false},"author":3,"featured_media":58734,"comment_status":"closed","ping_status":"closed","sticky":false,"template":"","format":"standard","meta":[],"categories":[4],"tags":[],"_links":{"self":[{"href":"https:\/\/www.actualidadadiario.com\/index.php\/wp-json\/wp\/v2\/posts\/58733"}],"collection":[{"href":"https:\/\/www.actualidadadiario.com\/index.php\/wp-json\/wp\/v2\/posts"}],"about":[{"href":"https:\/\/www.actualidadadiario.com\/index.php\/wp-json\/wp\/v2\/types\/post"}],"author":[{"embeddable":true,"href":"https:\/\/www.actualidadadiario.com\/index.php\/wp-json\/wp\/v2\/users\/3"}],"replies":[{"embeddable":true,"href":"https:\/\/www.actualidadadiario.com\/index.php\/wp-json\/wp\/v2\/comments?post=58733"}],"version-history":[{"count":1,"href":"https:\/\/www.actualidadadiario.com\/index.php\/wp-json\/wp\/v2\/posts\/58733\/revisions"}],"predecessor-version":[{"id":58735,"href":"https:\/\/www.actualidadadiario.com\/index.php\/wp-json\/wp\/v2\/posts\/58733\/revisions\/58735"}],"wp:featuredmedia":[{"embeddable":true,"href":"https:\/\/www.actualidadadiario.com\/index.php\/wp-json\/wp\/v2\/media\/58734"}],"wp:attachment":[{"href":"https:\/\/www.actualidadadiario.com\/index.php\/wp-json\/wp\/v2\/media?parent=58733"}],"wp:term":[{"taxonomy":"category","embeddable":true,"href":"https:\/\/www.actualidadadiario.com\/index.php\/wp-json\/wp\/v2\/categories?post=58733"},{"taxonomy":"post_tag","embeddable":true,"href":"https:\/\/www.actualidadadiario.com\/index.php\/wp-json\/wp\/v2\/tags?post=58733"}],"curies":[{"name":"wp","href":"https:\/\/api.w.org\/{rel}","templated":true}]}}