{"id":58731,"date":"2020-03-06T11:06:54","date_gmt":"2020-03-06T14:06:54","guid":{"rendered":"https:\/\/www.actualidadadiario.com\/?p=58731"},"modified":"2020-03-06T11:06:54","modified_gmt":"2020-03-06T14:06:54","slug":"el-recorte-a-las-jubilaciones-de-los-jueces-se-trata-el-jueves-y-podria-sancionarse-por-unanimidad","status":"publish","type":"post","link":"https:\/\/www.actualidadadiario.com\/index.php\/2020\/03\/06\/el-recorte-a-las-jubilaciones-de-los-jueces-se-trata-el-jueves-y-podria-sancionarse-por-unanimidad\/","title":{"rendered":"El recorte a las jubilaciones de los jueces se trata el jueves y podr\u00eda sancionarse por unanimidad"},"content":{"rendered":"<p style=\"text-align: center;\"><em><strong>Los l\u00edderes de Cambiemos proponen aprobarlo en general y pedir cambios en el articulado, pero a\u00fan deben dar el debate interno. Contin\u00faa el retiro de pliegos<\/strong><\/em><\/p>\n<p>&nbsp;<\/p>\n<p>&nbsp;<\/p>\n<p>El Senado sesionar\u00e1 el jueves para debatir la ley que reduce las jubilaciones a jueces y diplom\u00e1ticos, que podr\u00eda sancionarse por unanimidad si Cambiemos se decide a votar a favor.<\/p>\n<p>Era la postura que predominaba este mi\u00e9rcoles y expresada en el plenario de comisiones por el jefe del interbloque Luis Naidenoff y su correligionaria Silvia El\u00edas de P\u00e9rez. Consiste en votar en general la ley y proponer en el debate en particular la cl\u00e1usula que intentaron incorporar en Diputados para evitar un \u00e9xodo masivo de jueces en condiciones de jubilarse, que calculan en 300.<\/p>\n<p>Sergio Massa y M\u00e1ximo Kirchner la rechazaron y en respuesta Cambiemos no baj\u00f3 el recinto y casi frustra la sesi\u00f3n por falta de qu\u00f3rum. Cuando ingresaron, el jefe Mario Negri pidi\u00f3 suspender la sesi\u00f3n porque hab\u00eda dado qu\u00f3rum Daniel Scioli, pese a tener acuerdo del Senado para ser embajador de Brasil.<\/p>\n<p>El detalle de la orden del d\u00eda se lo envi\u00f3 por whatsapp Naidenoff, quien el mi\u00e9rcoles sostvo que la ley no intenta sanear las arcas de Anses sino vaciar los Tribunales. &#8220;Siempre los jueces que llegan a la edad de jubilarse inician los tr\u00e1mites y siguen en funciones. Es un exceso de sensibilidad si se van&#8221;, hab\u00eda intentado convencerlo el ministro Claudio Moroni.<\/p>\n<p>El proyecto aumenta 7 puntos los aportes de jueces y diplom\u00e1ticos y reduce el haber jubilatorio inicial al dejar de calcularlo con el 82% de su \u00faltimo salario y tomar los percibidos en los \u00faltimos 10 a\u00f1os, actualizados al momento del retiro.\u00b4<\/p>\n<p>Eleva a 65 la edad de jubilaciones de los magistrados mientras que el personal de servicios exterior que inicien la carrera se incorporar\u00e1 en el sistema general de Anses, con haberes iniciales menores y un sistema de movilidad a\u00fan sin definir.<\/p>\n<p>Cambiemos definir\u00e1 su postura en una reuni\u00f3n de bloque pero muchos de sus miembros no est\u00e1n dispuestos a votar en contra y explicar luego que defendieron jubilaciones que llegan a 400 mil pesos y requiere de una parte de los subsidios que el Gobierno gira a Anses. Algunos podr\u00edan abandonar el recinto, pero por ahora ninguno est\u00e1 decidido a votar en contra.<\/p>\n<p>Uno de los art\u00edculos que rechazar\u00e1n ser\u00e1 el que elimina la posibilidad de cubrir vacantes con jueces jubilados y consideran que puede aportar al vac\u00edo de Tribunales de jueces y fiscales, que calculan en un 50%. Fue uno de los cambios incorporados en el debate en comisiones de Diputados y seg\u00fan Leopoldo Moreau intenta evitar la judicializaci\u00f3n de la ley.<\/p>\n<p>En la sesi\u00f3n del 20 de febrero se le devolvieron a Alberto Fern\u00e1ndez una tanda de los 200 jueces enviados por Macri que ser\u00e1n evaluados en sus respectivas ternas. El jueves pr\u00f3ximo se le remitir\u00e1n otra tanda y se recibir\u00e1n algunos pliegos de embajadores pendientes.<\/p>\n","protected":false},"excerpt":{"rendered":"<p>Los l\u00edderes de Cambiemos proponen aprobarlo en general y pedir cambios en el articulado, pero a\u00fan deben dar el debate interno. Contin\u00faa el retiro de pliegos &nbsp; &nbsp; El Senado sesionar\u00e1 el jueves para debatir la ley que reduce las jubilaciones a jueces y diplom\u00e1ticos, que podr\u00eda sancionarse por unanimidad si Cambiemos se decide a votar a favor. Era la postura que predominaba este mi\u00e9rcoles y expresada en el plenario de comisiones por el jefe del interbloque Luis Naidenoff y su correligionaria Silvia El\u00edas de P\u00e9rez. Consiste en votar en&#8230;<\/p>\n","protected":false},"author":3,"featured_media":57937,"comment_status":"closed","ping_status":"closed","sticky":false,"template":"","format":"standard","meta":[],"categories":[18],"tags":[],"_links":{"self":[{"href":"https:\/\/www.actualidadadiario.com\/index.php\/wp-json\/wp\/v2\/posts\/58731"}],"collection":[{"href":"https:\/\/www.actualidadadiario.com\/index.php\/wp-json\/wp\/v2\/posts"}],"about":[{"href":"https:\/\/www.actualidadadiario.com\/index.php\/wp-json\/wp\/v2\/types\/post"}],"author":[{"embeddable":true,"href":"https:\/\/www.actualidadadiario.com\/index.php\/wp-json\/wp\/v2\/users\/3"}],"replies":[{"embeddable":true,"href":"https:\/\/www.actualidadadiario.com\/index.php\/wp-json\/wp\/v2\/comments?post=58731"}],"version-history":[{"count":1,"href":"https:\/\/www.actualidadadiario.com\/index.php\/wp-json\/wp\/v2\/posts\/58731\/revisions"}],"predecessor-version":[{"id":58732,"href":"https:\/\/www.actualidadadiario.com\/index.php\/wp-json\/wp\/v2\/posts\/58731\/revisions\/58732"}],"wp:featuredmedia":[{"embeddable":true,"href":"https:\/\/www.actualidadadiario.com\/index.php\/wp-json\/wp\/v2\/media\/57937"}],"wp:attachment":[{"href":"https:\/\/www.actualidadadiario.com\/index.php\/wp-json\/wp\/v2\/media?parent=58731"}],"wp:term":[{"taxonomy":"category","embeddable":true,"href":"https:\/\/www.actualidadadiario.com\/index.php\/wp-json\/wp\/v2\/categories?post=58731"},{"taxonomy":"post_tag","embeddable":true,"href":"https:\/\/www.actualidadadiario.com\/index.php\/wp-json\/wp\/v2\/tags?post=58731"}],"curies":[{"name":"wp","href":"https:\/\/api.w.org\/{rel}","templated":true}]}}