{"id":58728,"date":"2020-03-06T11:06:02","date_gmt":"2020-03-06T14:06:02","guid":{"rendered":"https:\/\/www.actualidadadiario.com\/?p=58728"},"modified":"2020-03-06T11:06:02","modified_gmt":"2020-03-06T14:06:02","slug":"alberto-reinaugura-el-salon-de-las-mujeres-en-la-casa-de-gobierno","status":"publish","type":"post","link":"https:\/\/www.actualidadadiario.com\/index.php\/2020\/03\/06\/alberto-reinaugura-el-salon-de-las-mujeres-en-la-casa-de-gobierno\/","title":{"rendered":"Alberto reinaugura el Sal\u00f3n de las Mujeres en la Casa de Gobierno"},"content":{"rendered":"<p style=\"text-align: center;\"><em><strong>Fue puesto en marcha por Cristina Fern\u00e1ndez de Kirchner en su primer mandato presidencial y el ex mandatario Mauricio Macri lo desafect\u00f3 y convirti\u00f3 en oficinas. El acto est\u00e1 previsto para las 15<\/strong><\/em><\/p>\n<p>&nbsp;<\/p>\n<p>El presidente Alberto Fern\u00e1ndez reinaugurar\u00e1 hoy, en la Casa Rosada, el Sal\u00f3n de las Mujeres Argentinas, que fue puesto en marcha por Cristina Fern\u00e1ndez de Kirchner en su primer mandato presidencial y que el ex mandatario Mauricio Macri desafect\u00f3 y convirti\u00f3 en oficinas.<\/p>\n<p>El acto est\u00e1 previsto para las 15 en el sal\u00f3n que luce cuadros de Eva Per\u00f3n, Lola Mora, Alicia Moreau de Justo y Victoria Ocampo, entre otras mujeres argentinas.<\/p>\n<p>Seg\u00fan informaron fuentes oficiales, la Vicepresidenta est\u00e1 invitada a participar del acto.<\/p>\n<p>Si bien los cuadros fueron dejados en las paredes por la gesti\u00f3n macrista, el espacio fue subdivido y ocupado con oficinas de la Jefatura de Gabinete que encabezaba Marcos Pe\u00f1a.<\/p>\n<p>El Sal\u00f3n de las Mujeres Argentinas fue inaugurado por Fern\u00e1ndez de Kichner el 6 de marzo de 2009 y constituy\u00f3 su lugar preferido para encabezar actos de gobierno hasta el final de su gesti\u00f3n, en 2015.<\/p>\n<p>La reinauguraci\u00f3n del espacio coincide con varios eventos que impuls\u00f3 el Gobierno nacional durante esta semana con motivo del D\u00eda Internacional de la Mujer, que se conmemora el domingo.<\/p>\n","protected":false},"excerpt":{"rendered":"<p>Fue puesto en marcha por Cristina Fern\u00e1ndez de Kirchner en su primer mandato presidencial y el ex mandatario Mauricio Macri lo desafect\u00f3 y convirti\u00f3 en oficinas. El acto est\u00e1 previsto para las 15 &nbsp; El presidente Alberto Fern\u00e1ndez reinaugurar\u00e1 hoy, en la Casa Rosada, el Sal\u00f3n de las Mujeres Argentinas, que fue puesto en marcha por Cristina Fern\u00e1ndez de Kirchner en su primer mandato presidencial y que el ex mandatario Mauricio Macri desafect\u00f3 y convirti\u00f3 en oficinas. El acto est\u00e1 previsto para las 15 en el sal\u00f3n que luce cuadros&#8230;<\/p>\n","protected":false},"author":3,"featured_media":58729,"comment_status":"closed","ping_status":"closed","sticky":false,"template":"","format":"standard","meta":[],"categories":[18],"tags":[],"_links":{"self":[{"href":"https:\/\/www.actualidadadiario.com\/index.php\/wp-json\/wp\/v2\/posts\/58728"}],"collection":[{"href":"https:\/\/www.actualidadadiario.com\/index.php\/wp-json\/wp\/v2\/posts"}],"about":[{"href":"https:\/\/www.actualidadadiario.com\/index.php\/wp-json\/wp\/v2\/types\/post"}],"author":[{"embeddable":true,"href":"https:\/\/www.actualidadadiario.com\/index.php\/wp-json\/wp\/v2\/users\/3"}],"replies":[{"embeddable":true,"href":"https:\/\/www.actualidadadiario.com\/index.php\/wp-json\/wp\/v2\/comments?post=58728"}],"version-history":[{"count":1,"href":"https:\/\/www.actualidadadiario.com\/index.php\/wp-json\/wp\/v2\/posts\/58728\/revisions"}],"predecessor-version":[{"id":58730,"href":"https:\/\/www.actualidadadiario.com\/index.php\/wp-json\/wp\/v2\/posts\/58728\/revisions\/58730"}],"wp:featuredmedia":[{"embeddable":true,"href":"https:\/\/www.actualidadadiario.com\/index.php\/wp-json\/wp\/v2\/media\/58729"}],"wp:attachment":[{"href":"https:\/\/www.actualidadadiario.com\/index.php\/wp-json\/wp\/v2\/media?parent=58728"}],"wp:term":[{"taxonomy":"category","embeddable":true,"href":"https:\/\/www.actualidadadiario.com\/index.php\/wp-json\/wp\/v2\/categories?post=58728"},{"taxonomy":"post_tag","embeddable":true,"href":"https:\/\/www.actualidadadiario.com\/index.php\/wp-json\/wp\/v2\/tags?post=58728"}],"curies":[{"name":"wp","href":"https:\/\/api.w.org\/{rel}","templated":true}]}}