{"id":58725,"date":"2020-03-06T11:05:22","date_gmt":"2020-03-06T14:05:22","guid":{"rendered":"https:\/\/www.actualidadadiario.com\/?p=58725"},"modified":"2020-03-06T11:05:22","modified_gmt":"2020-03-06T14:05:22","slug":"paro-del-campo-para-buzzi-son-opositores-que-buscan-sacar-redito-politico","status":"publish","type":"post","link":"https:\/\/www.actualidadadiario.com\/index.php\/2020\/03\/06\/paro-del-campo-para-buzzi-son-opositores-que-buscan-sacar-redito-politico\/","title":{"rendered":"Paro del Campo: Para Buzzi son opositores que buscan sacar r\u00e9dito pol\u00edtico"},"content":{"rendered":"<p style=\"text-align: center;\"><em><strong>Tras el anuncio del aumento de las retenciones a la soja y el paro decretado por la Mesa de Enlance, el ex presidente de la Federaci\u00f3n Agraria Eduardo Buzzi, critic\u00f3 con dureza la medida y asegur\u00f3 que se trata de un sector opositor que busca sacar r\u00e9dito pol\u00edtico<\/strong><\/em><\/p>\n<p>&nbsp;<\/p>\n<p>En este sentido, Buzzi confirm\u00f3 estar \u00absorprendido\u00bb y agreg\u00f3 que \u00abHasta el mediod\u00eda ten\u00eda algunos contactos telef\u00f3nicos con directivos de la Federaci\u00f3n Agraria y estaban consultando. No entiendo en qu\u00e9 momento han aceptado formar parte de esa protesta. Me parece que lamentablemente se impone un sector o grupo que alienta la protesta, m\u00e1s all\u00e1 de la l\u00f3gica pol\u00edtica de la negociaci\u00f3n que est\u00e1 abierta\u00bb.<\/p>\n<p>\u00abNo estoy enterado de que el presidente Alberto Fern\u00e1ndez ni el ministro Luis Basterra hayan bajado las persianas a negociaciones y al di\u00e1logo. Ayer el presidente dijo \u2018vamos a trabajar mucho, no nos peleemos\u2019 y algunos sectores del campo responden con un paro de comercializaci\u00f3n\u00bb, manifest\u00f3.<\/p>\n<p>Incluso profundiz\u00f3: \u00abEsto se viene amagando desde diciembre y esos sectores arrastraron a los dem\u00e1s. Estoy sorprendido. Es lamentable que se llegue a un cese de comercializaci\u00f3n\u00bb.<\/p>\n<p>Sobre el final, compar\u00f3 al campo con el sector educativo: \u00abVamos a preguntarles a los docentes si est\u00e1n todos satisfechos con el incremento que han tenido y muy probablemente muchos no lo est\u00e1n satisfechos o no les alcance para resolver la totalidad de las necesidades que tienen. Sin embargo los gremios han tenido la habilidad y capacidad de decir \u2018empecemos las clases, seguiremos negociando y buscando soluciones\u2019. Me parece que la dirigencia docente est\u00e1 mirando el contexto complicado de la econom\u00eda argentina\u00bb.<\/p>\n","protected":false},"excerpt":{"rendered":"<p>Tras el anuncio del aumento de las retenciones a la soja y el paro decretado por la Mesa de Enlance, el ex presidente de la Federaci\u00f3n Agraria Eduardo Buzzi, critic\u00f3 con dureza la medida y asegur\u00f3 que se trata de un sector opositor que busca sacar r\u00e9dito pol\u00edtico &nbsp; En este sentido, Buzzi confirm\u00f3 estar \u00absorprendido\u00bb y agreg\u00f3 que \u00abHasta el mediod\u00eda ten\u00eda algunos contactos telef\u00f3nicos con directivos de la Federaci\u00f3n Agraria y estaban consultando. No entiendo en qu\u00e9 momento han aceptado formar parte de esa protesta. Me parece que&#8230;<\/p>\n","protected":false},"author":3,"featured_media":58726,"comment_status":"closed","ping_status":"closed","sticky":false,"template":"","format":"standard","meta":[],"categories":[18],"tags":[],"_links":{"self":[{"href":"https:\/\/www.actualidadadiario.com\/index.php\/wp-json\/wp\/v2\/posts\/58725"}],"collection":[{"href":"https:\/\/www.actualidadadiario.com\/index.php\/wp-json\/wp\/v2\/posts"}],"about":[{"href":"https:\/\/www.actualidadadiario.com\/index.php\/wp-json\/wp\/v2\/types\/post"}],"author":[{"embeddable":true,"href":"https:\/\/www.actualidadadiario.com\/index.php\/wp-json\/wp\/v2\/users\/3"}],"replies":[{"embeddable":true,"href":"https:\/\/www.actualidadadiario.com\/index.php\/wp-json\/wp\/v2\/comments?post=58725"}],"version-history":[{"count":1,"href":"https:\/\/www.actualidadadiario.com\/index.php\/wp-json\/wp\/v2\/posts\/58725\/revisions"}],"predecessor-version":[{"id":58727,"href":"https:\/\/www.actualidadadiario.com\/index.php\/wp-json\/wp\/v2\/posts\/58725\/revisions\/58727"}],"wp:featuredmedia":[{"embeddable":true,"href":"https:\/\/www.actualidadadiario.com\/index.php\/wp-json\/wp\/v2\/media\/58726"}],"wp:attachment":[{"href":"https:\/\/www.actualidadadiario.com\/index.php\/wp-json\/wp\/v2\/media?parent=58725"}],"wp:term":[{"taxonomy":"category","embeddable":true,"href":"https:\/\/www.actualidadadiario.com\/index.php\/wp-json\/wp\/v2\/categories?post=58725"},{"taxonomy":"post_tag","embeddable":true,"href":"https:\/\/www.actualidadadiario.com\/index.php\/wp-json\/wp\/v2\/tags?post=58725"}],"curies":[{"name":"wp","href":"https:\/\/api.w.org\/{rel}","templated":true}]}}