{"id":58722,"date":"2020-03-06T11:04:43","date_gmt":"2020-03-06T14:04:43","guid":{"rendered":"https:\/\/www.actualidadadiario.com\/?p=58722"},"modified":"2020-03-06T11:04:43","modified_gmt":"2020-03-06T14:04:43","slug":"el-pj-dio-un-firme-respaldo-al-gobierno-y-trabaja-por-la-lista-de-unidad","status":"publish","type":"post","link":"https:\/\/www.actualidadadiario.com\/index.php\/2020\/03\/06\/el-pj-dio-un-firme-respaldo-al-gobierno-y-trabaja-por-la-lista-de-unidad\/","title":{"rendered":"El PJ dio un firme respaldo al Gobierno y trabaja por la lista de unidad"},"content":{"rendered":"<p style=\"text-align: center;\"><em><strong>Autoridades partidarias, ministros nacionales, legisladores, sindicalistas y dirigentes provinciales se reunieron en el Congreso nacional del PJ, donde se convoc\u00f3 formalmente a las elecciones internas del 3 de mayo y hubo un sentimiento un\u00e1nime a favor de armar una lista de unidad que contenga a los diversos sectores del peronismo. La cita tuvo lugar en el microestadio de Ferro, hasta donde llegaron 562 congresales de todo el pa\u00eds, a los que se sumaron decenas de invitados<\/strong><\/em><\/p>\n<p>&nbsp;<\/p>\n<p>Entre ellos no estaba el gobernador de Chaco, uno de los que se hab\u00eda anotado como aspirante a conducir el partido a partir del 6 de mayo para suceder al actual presidente, Jos\u00e9 Luis Gioja, quien tiene intenciones de seguir por otro mandato.<\/p>\n<p>&#8220;Tengo puesto el mameluco de la unidad&#8221;, se\u00f1al\u00f3 el sanjuanino apenas terminado el acto.<\/p>\n<p>El evento concluy\u00f3 con la lectura y aprobaci\u00f3n de un documento en apoyo a la gesti\u00f3n de Alberto Fern\u00e1ndez y a las negociaciones para reestructurar la deuda. Tambi\u00e9n plantearon &#8220;la preocupaci\u00f3n por las detenciones arbitrarias&#8221; en Argentina, como consecuencia de &#8220;procesos poco claros&#8221; y &#8220;presiones conocidas como lawfare e intromisi\u00f3n de algunos funcionarios en la gesti\u00f3n anterior&#8221;.<\/p>\n<p>En medio del Congreso, pidi\u00f3 la palabra el diputado nacional por R\u00edo Negro y titular del PJ de esa provincia, Mart\u00edn Soria, para anunciar que avanzar\u00e1n con la &#8220;expulsi\u00f3n&#8221; partidaria del ex senador Miguel Pichetto, a quien acus\u00f3 de ser &#8220;uno de los ide\u00f3logos&#8221; de la intervenci\u00f3n que tuvo en vilo al peronismo durante buena parte del 2018.<\/p>\n<p>Por primera vez en muchos a\u00f1os, el Congreso partidario cont\u00f3 con la presencia de congresales de C\u00f3rdoba -tras el descongelamiento de las relaciones con el gobernador de esa provincia, Juan Schiaretti-, y tambi\u00e9n de Salta. Por C\u00f3rdoba, estuvo en Ferro el legislador provincial y presidente del PJ provincial, Oscar Gonz\u00e1lez, cuya presencia fue muy valorada por Gioja y otros miembros de la conducci\u00f3n del partido.<\/p>\n<p>Al hacer un recorrido sobre los a\u00f1os en que el peronismo resisti\u00f3 en el llano a los a\u00f1os de macrismo tras la derrota del 2015, Gioja record\u00f3 el proceso de unidad que se forz\u00f3 tras la puesta en marcha de la comisi\u00f3n pol\u00edtica del PJ que culmin\u00f3 con el armado exitoso del Frente de Todos con otros partidos progresistas.<\/p>\n<p>El momento que despert\u00f3 la mayor ovaci\u00f3n de la jornada fue cuando Gioja reconoci\u00f3 &#8220;la grandeza inmensa&#8221; que tuvo la ahora vicepresidenta Cristina Kirchner al proponer la f\u00f3rmula, corri\u00e9ndose del lugar protag\u00f3nico pero &#8220;sin irse a casa y qued\u00e1ndose a ayudar&#8221;.<\/p>\n<p>Por su parte, el presidente del Congreso del PJ y gobernador de Formosa, Gildo Insfr\u00e1n, evoc\u00f3 las adversidades que transit\u00f3 el peronismo como oposici\u00f3n, y se\u00f1al\u00f3 que &#8220;despu\u00e9s del 2015 hab\u00edan compa\u00f1eros con dudas, pero tambi\u00e9n compa\u00f1eros que nunca renunciamos a la lucha&#8221;.<\/p>\n<p>Al t\u00e9rmino del congreso, el ministro de Defensa, Agust\u00edn Rossi, se\u00f1al\u00f3 que &#8220;no hay espacio para que el peronismo tenga una interna partidaria en este escenario, somos el partido del Gobierno y tenemos que ser absolutamente responsables&#8221;. El santafesino insisti\u00f3 en la idea de que Alberto Fern\u00e1ndez encabece el PJ.<\/p>\n","protected":false},"excerpt":{"rendered":"<p>Autoridades partidarias, ministros nacionales, legisladores, sindicalistas y dirigentes provinciales se reunieron en el Congreso nacional del PJ, donde se convoc\u00f3 formalmente a las elecciones internas del 3 de mayo y hubo un sentimiento un\u00e1nime a favor de armar una lista de unidad que contenga a los diversos sectores del peronismo. La cita tuvo lugar en el microestadio de Ferro, hasta donde llegaron 562 congresales de todo el pa\u00eds, a los que se sumaron decenas de invitados &nbsp; Entre ellos no estaba el gobernador de Chaco, uno de los que se&#8230;<\/p>\n","protected":false},"author":3,"featured_media":58723,"comment_status":"closed","ping_status":"closed","sticky":false,"template":"","format":"standard","meta":[],"categories":[18],"tags":[],"_links":{"self":[{"href":"https:\/\/www.actualidadadiario.com\/index.php\/wp-json\/wp\/v2\/posts\/58722"}],"collection":[{"href":"https:\/\/www.actualidadadiario.com\/index.php\/wp-json\/wp\/v2\/posts"}],"about":[{"href":"https:\/\/www.actualidadadiario.com\/index.php\/wp-json\/wp\/v2\/types\/post"}],"author":[{"embeddable":true,"href":"https:\/\/www.actualidadadiario.com\/index.php\/wp-json\/wp\/v2\/users\/3"}],"replies":[{"embeddable":true,"href":"https:\/\/www.actualidadadiario.com\/index.php\/wp-json\/wp\/v2\/comments?post=58722"}],"version-history":[{"count":1,"href":"https:\/\/www.actualidadadiario.com\/index.php\/wp-json\/wp\/v2\/posts\/58722\/revisions"}],"predecessor-version":[{"id":58724,"href":"https:\/\/www.actualidadadiario.com\/index.php\/wp-json\/wp\/v2\/posts\/58722\/revisions\/58724"}],"wp:featuredmedia":[{"embeddable":true,"href":"https:\/\/www.actualidadadiario.com\/index.php\/wp-json\/wp\/v2\/media\/58723"}],"wp:attachment":[{"href":"https:\/\/www.actualidadadiario.com\/index.php\/wp-json\/wp\/v2\/media?parent=58722"}],"wp:term":[{"taxonomy":"category","embeddable":true,"href":"https:\/\/www.actualidadadiario.com\/index.php\/wp-json\/wp\/v2\/categories?post=58722"},{"taxonomy":"post_tag","embeddable":true,"href":"https:\/\/www.actualidadadiario.com\/index.php\/wp-json\/wp\/v2\/tags?post=58722"}],"curies":[{"name":"wp","href":"https:\/\/api.w.org\/{rel}","templated":true}]}}