{"id":58719,"date":"2020-03-06T11:04:00","date_gmt":"2020-03-06T14:04:00","guid":{"rendered":"https:\/\/www.actualidadadiario.com\/?p=58719"},"modified":"2020-03-06T11:04:00","modified_gmt":"2020-03-06T14:04:00","slug":"el-presidente-recibio-a-legisladores-e-intendentes-de-cordoba","status":"publish","type":"post","link":"https:\/\/www.actualidadadiario.com\/index.php\/2020\/03\/06\/el-presidente-recibio-a-legisladores-e-intendentes-de-cordoba\/","title":{"rendered":"El Presidente recibi\u00f3 a legisladores e intendentes de C\u00f3rdoba"},"content":{"rendered":"<p style=\"text-align: center;\"><em><strong>Alberto Fern\u00e1ndez les agradeci\u00f3 el apoyo, el esfuerzo y el compromiso que mostraron hacia la gesti\u00f3n y los inst\u00f3 a seguir trabajando en la unidad<\/strong><\/em><\/p>\n<p>&nbsp;<\/p>\n<p>&nbsp;<\/p>\n<p>El presidente Alberto Fern\u00e1ndez recibi\u00f3 en Casa Rosada a legisladores e intendentes de C\u00f3rdoba, a quienes agradeci\u00f3 el apoyo, el esfuerzo y el compromiso que mostraron hacia la gesti\u00f3n y los inst\u00f3 a seguir trabajando en la unidad, seg\u00fan se inform\u00f3 oficialmente.<\/p>\n<p>Fern\u00e1ndez estuvo acompa\u00f1ado por el secretario General de la Presidencia, Julio Vitobello, y el subsecretario de Relaciones Municipales del Ministerio del Interior, Pablo Giles.<\/p>\n<p>Participaron del encuentro, realizado en el Sal\u00f3n Eva Per\u00f3n, el senador nacional, Carlos Caserio; el secretario de Obras P\u00fablicas e intendente de Villa Mar\u00eda en licencia, Mart\u00edn Gill; la diputada nacional Gabriela Estevez; los legisladores, Marcos Farina; Hugo Cuello; Graciela Brarda, y la concejala Olga Ruitort, adem\u00e1s de otros funcionarios nacionales.<\/p>\n<p>En declaraciones a los periodistas acreditados en Casa de Gobierno luego del encuentro y antes de partir rumbo al Congreso Nacional del PJ, Caserio destac\u00f3: \u201cVinimos a expresarle al Presidente nuestra voluntad de seguir poniendo el hombro para recuperar a la Argentina\u201d.<\/p>\n<p>&#8220;Nos agradeci\u00f3 a cada uno de nosotros por acompa\u00f1arlo. \u00c9l tiene un compromiso no s\u00f3lo con nosotros sino con los cordobeses y as\u00ed lo ha expresado&#8221;, sostuvo el senador nacional y ex titular del PJ cordob\u00e9s.<\/p>\n<p>&#8220;(Fern\u00e1ndez) est\u00e1 llamando todos los d\u00edas a la uni\u00f3n de los argentinos y nosotros pensamos que los peronistas tenemos que ser una muestra de eso&#8221;, reflexion\u00f3 Caserio porque -dijo- &#8220;si no somos capaces de unirnos con qu\u00e9 capacidad vamos a pedirle al pueblo que se una para sacar al pa\u00eds adelante&#8221;.<\/p>\n<p>Consultado por el incremento de las retenciones a la soja y por el impacto que hab\u00eda tenido la medida oficial en el sector agropecuario cordob\u00e9s, respondi\u00f3: &#8220;El campo est\u00e1 comprendiendo la situaci\u00f3n, m\u00e1s all\u00e1 de que haya sectores que tengan visiones distintas&#8221;.<\/p>\n<p>&#8220;A nadie le gusta que los impuestos se modifiquen pero el Presidente lo est\u00e1 haciendo con mucho criterio para tener una Argentina econ\u00f3micamente sana&#8221;, manifest\u00f3.<\/p>\n<p>Estuvieron presentes los intendentes de R\u00edo Primero, Ana Cravero; Las Varillas, Mauro Daniele; La Para, Carlos Guzm\u00e1n; R\u00edo Segundo, Dar\u00edo Chesta; Villa Huidobro, Silvio Quiroga; Laguna Larga, Mat\u00edas Torres, y Leones, Fabi\u00e1n Francioni.<\/p>\n<p>Tambi\u00e9n, fueron de la partida los jefes comunales de La Granja, Carlos Ambrosich; de Tinoco, Heberto Bustos; de Villa Nueva, Natalio Graglia; de Malvinas Argentinas, Gast\u00f3n Mazzalay; de Villa Mar\u00eda, Pablo Rosso; de Mi Granja, Claudia Acosta; de La Cumbre, Pablo Alicio; de Valle Hermoso, Jorge Caserio; de Bialet Mass\u00e9, Marcelo Oliva; de Capilla del Monte, Fabricio D\u00edaz, y Pascanas, Rodolfo Filipponi.<\/p>\n<p>Del encuentro participaron adem\u00e1s los encargados de las municipalidades de La Cumbrecita, Daniel L\u00f3pez; La Carlota, Fabio Guaschino; San Francisco del Cha\u00f1ar, Marcelo Eslava; La Francia, Fernando Grimaldi; Sampacho, Flavio Ju\u00e1rez; San Basilio, Rub\u00e9n Moine; Viamonte, Gabriel Fern\u00e1ndez; Dalmacio V\u00e9lez, Eusebio Torres; Arroyo Algod\u00f3n, Cristian Ghiano, y T\u00edo Pujio, Nancy Schiavi.<\/p>\n<p>En tanto, participaron los legisladores provinciales Mariana Caserio; Carlos Presas; Tania Kyshakevych; Gustavo Eslava; Franco Miranda; Laura Labat; Miguel \u00c1ngel Maldonado; Natalia Mart\u00ednez; Rodrigo Rufeil, y Mar\u00eda Emilia Eslava.<\/p>\n","protected":false},"excerpt":{"rendered":"<p>Alberto Fern\u00e1ndez les agradeci\u00f3 el apoyo, el esfuerzo y el compromiso que mostraron hacia la gesti\u00f3n y los inst\u00f3 a seguir trabajando en la unidad &nbsp; &nbsp; El presidente Alberto Fern\u00e1ndez recibi\u00f3 en Casa Rosada a legisladores e intendentes de C\u00f3rdoba, a quienes agradeci\u00f3 el apoyo, el esfuerzo y el compromiso que mostraron hacia la gesti\u00f3n y los inst\u00f3 a seguir trabajando en la unidad, seg\u00fan se inform\u00f3 oficialmente. Fern\u00e1ndez estuvo acompa\u00f1ado por el secretario General de la Presidencia, Julio Vitobello, y el subsecretario de Relaciones Municipales del Ministerio del&#8230;<\/p>\n","protected":false},"author":3,"featured_media":58720,"comment_status":"closed","ping_status":"closed","sticky":false,"template":"","format":"standard","meta":[],"categories":[18],"tags":[],"_links":{"self":[{"href":"https:\/\/www.actualidadadiario.com\/index.php\/wp-json\/wp\/v2\/posts\/58719"}],"collection":[{"href":"https:\/\/www.actualidadadiario.com\/index.php\/wp-json\/wp\/v2\/posts"}],"about":[{"href":"https:\/\/www.actualidadadiario.com\/index.php\/wp-json\/wp\/v2\/types\/post"}],"author":[{"embeddable":true,"href":"https:\/\/www.actualidadadiario.com\/index.php\/wp-json\/wp\/v2\/users\/3"}],"replies":[{"embeddable":true,"href":"https:\/\/www.actualidadadiario.com\/index.php\/wp-json\/wp\/v2\/comments?post=58719"}],"version-history":[{"count":1,"href":"https:\/\/www.actualidadadiario.com\/index.php\/wp-json\/wp\/v2\/posts\/58719\/revisions"}],"predecessor-version":[{"id":58721,"href":"https:\/\/www.actualidadadiario.com\/index.php\/wp-json\/wp\/v2\/posts\/58719\/revisions\/58721"}],"wp:featuredmedia":[{"embeddable":true,"href":"https:\/\/www.actualidadadiario.com\/index.php\/wp-json\/wp\/v2\/media\/58720"}],"wp:attachment":[{"href":"https:\/\/www.actualidadadiario.com\/index.php\/wp-json\/wp\/v2\/media?parent=58719"}],"wp:term":[{"taxonomy":"category","embeddable":true,"href":"https:\/\/www.actualidadadiario.com\/index.php\/wp-json\/wp\/v2\/categories?post=58719"},{"taxonomy":"post_tag","embeddable":true,"href":"https:\/\/www.actualidadadiario.com\/index.php\/wp-json\/wp\/v2\/tags?post=58719"}],"curies":[{"name":"wp","href":"https:\/\/api.w.org\/{rel}","templated":true}]}}