{"id":58713,"date":"2020-03-06T11:01:24","date_gmt":"2020-03-06T14:01:24","guid":{"rendered":"https:\/\/www.actualidadadiario.com\/?p=58713"},"modified":"2020-03-06T11:01:24","modified_gmt":"2020-03-06T14:01:24","slug":"alberto-fernandez-ya-negociamos-pero-ellos-quieren-ganar-siempre","status":"publish","type":"post","link":"https:\/\/www.actualidadadiario.com\/index.php\/2020\/03\/06\/alberto-fernandez-ya-negociamos-pero-ellos-quieren-ganar-siempre\/","title":{"rendered":"Alberto Fern\u00e1ndez: &#8220;Ya negociamos, pero ellos quieren ganar siempre&#8221;"},"content":{"rendered":"<p style=\"text-align: center;\"><em><strong>La Mesa de Enlace a pleno confirm\u00f3 un paro de comercializaci\u00f3n de granos y hacienda bovina. El Presidente ratific\u00f3 que no reabrir\u00e1 las negociaciones con las entidades por los cambios en las retenciones<\/strong><\/em><\/p>\n<p>&nbsp;<\/p>\n<p>&nbsp;<\/p>\n<p>El presidente Alberto Fern\u00e1ndez rechaz\u00f3 el paro anunciado por las entidades agropecuarias y se quej\u00f3 de que los productores &#8220;quieren ganar siempre&#8221;. De esta manera, el Gobierno nacional dej\u00f3 trascender que no dar\u00e1 marcha atr\u00e1s al aumento de las retenciones a la soja y est\u00e1 &#8220;sorprendido&#8221;, tras conocerse la decisi\u00f3n de la Mesa de Enlace de convocar a un paro de cuatro d\u00edas en contra del aumento del arancel.<\/p>\n<p>&#8220;Ya negociamos, pero ellos quieren ganar siempre&#8221;, se quej\u00f3 el jefe de Estado, al avisar que no reabrir\u00e1 las negociaciones con las entidades por los cambios en las retenciones, a pesar de la convocatoria al paro.<\/p>\n<p>Fern\u00e1ndez cuestion\u00f3 con dureza la decisi\u00f3n de la Mesa de Enlace de convocar a un paro, seg\u00fan hicieron trascender voceros de la Casa Rosada.<\/p>\n<p>El jefe de Estado se enter\u00f3 de la medida de fuerza del campo mientras viajaba hacia Olivos, y la analiz\u00f3 con sus funcionarios de confianza.<\/p>\n<p>&#8220;Ya fue discutido. O\u00edmos sus preocupaciones y cumplimos con la ley. Los que no quieren cumplirla son ellos&#8221;, sostuvo Fern\u00e1ndez ante sus colaboradores.<\/p>\n<p>Fuentes de Casa Rosada resaltaron que &#8220;lo importante es que nunca plantearon esta medida en la mesa de di\u00e1logo con el ministro&#8221; de Agricultura, Luis Basterra, indicaron las fuentes a NA.<\/p>\n<p>&#8220;El Gobierno est\u00e1 sorprendido porque salieron de la reuni\u00f3n anunciando que fue buena y que estaban contentos&#8221;, enfatizaron las mismas fuentes.<\/p>\n<p>Antes de la reuni\u00f3n, las entidades reclamaban que si hab\u00eda un aumento fuera segmentado y que hubiera una especial atenci\u00f3n en las econom\u00edas regionales. Ambos puntos fueron expuestos por los representantes del campo.<\/p>\n<p>Cuando el aumento de las retenciones era apenas una conversaci\u00f3n iniciada, Carlos Achetoni, de FAA, mencion\u00f3 el inter\u00e9s del sector por conocer si habr\u00e1 &#8220;segmentaci\u00f3n de retenciones&#8221; y tambi\u00e9n &#8220;un fondo para estimular a las econom\u00edas regionales&#8221;.<\/p>\n<p>Tambi\u00e9n Carlos Iannizzotto, de Coninagro, expres\u00f3 que la gran inc\u00f3gnita era si habr\u00eda &#8220;no segmentaci\u00f3n del actual esquema de retenciones&#8221;<\/p>\n<p>El anuncio fue realizado por el Presidente pocos d\u00edas despu\u00e9s. En la inauguraci\u00f3n de las sesiones ordinarias del Congreso, el jefe de Estado hab\u00eda se\u00f1alado que &#8220;queriendo preservar el mejor desarrollo del campo, hemos hecho una propuesta generosa en materia de derechos a las exportaciones, en la que solo se incrementa uno de un total de 25 cultivos que hoy est\u00e1n afectados por esos derechos&#8221;.<\/p>\n<p>&#8220;La propuesta que hemos sometido a la consideraci\u00f3n del sector, que adem\u00e1s preserva la situaci\u00f3n de los peque\u00f1os productores, respeta en un todo las condiciones que nos fueran impuestas por la ley de Solidaridad Social y reactivaci\u00f3n productiva&#8221;, sostuvo.<\/p>\n<p>Dijo que &#8220;esto resulta absolutamente favorable para muchos cultivos, pero particularmente para el desarrollo de las econom\u00edas regionales&#8221;.<\/p>\n<p>Sostuvo que &#8220;al campo lo hemos convocado. Que crezca es uno de nuestros objetivos. Aspiro a que esta vez, a trav\u00e9s del di\u00e1logo, encontremos el camino que nos conduzca a sostener el desarrollo y a preservar las cuentas p\u00fablicas&#8221;.<\/p>\n","protected":false},"excerpt":{"rendered":"<p>La Mesa de Enlace a pleno confirm\u00f3 un paro de comercializaci\u00f3n de granos y hacienda bovina. El Presidente ratific\u00f3 que no reabrir\u00e1 las negociaciones con las entidades por los cambios en las retenciones &nbsp; &nbsp; El presidente Alberto Fern\u00e1ndez rechaz\u00f3 el paro anunciado por las entidades agropecuarias y se quej\u00f3 de que los productores &#8220;quieren ganar siempre&#8221;. De esta manera, el Gobierno nacional dej\u00f3 trascender que no dar\u00e1 marcha atr\u00e1s al aumento de las retenciones a la soja y est\u00e1 &#8220;sorprendido&#8221;, tras conocerse la decisi\u00f3n de la Mesa de Enlace&#8230;<\/p>\n","protected":false},"author":3,"featured_media":58714,"comment_status":"closed","ping_status":"closed","sticky":false,"template":"","format":"standard","meta":[],"categories":[9],"tags":[],"_links":{"self":[{"href":"https:\/\/www.actualidadadiario.com\/index.php\/wp-json\/wp\/v2\/posts\/58713"}],"collection":[{"href":"https:\/\/www.actualidadadiario.com\/index.php\/wp-json\/wp\/v2\/posts"}],"about":[{"href":"https:\/\/www.actualidadadiario.com\/index.php\/wp-json\/wp\/v2\/types\/post"}],"author":[{"embeddable":true,"href":"https:\/\/www.actualidadadiario.com\/index.php\/wp-json\/wp\/v2\/users\/3"}],"replies":[{"embeddable":true,"href":"https:\/\/www.actualidadadiario.com\/index.php\/wp-json\/wp\/v2\/comments?post=58713"}],"version-history":[{"count":1,"href":"https:\/\/www.actualidadadiario.com\/index.php\/wp-json\/wp\/v2\/posts\/58713\/revisions"}],"predecessor-version":[{"id":58715,"href":"https:\/\/www.actualidadadiario.com\/index.php\/wp-json\/wp\/v2\/posts\/58713\/revisions\/58715"}],"wp:featuredmedia":[{"embeddable":true,"href":"https:\/\/www.actualidadadiario.com\/index.php\/wp-json\/wp\/v2\/media\/58714"}],"wp:attachment":[{"href":"https:\/\/www.actualidadadiario.com\/index.php\/wp-json\/wp\/v2\/media?parent=58713"}],"wp:term":[{"taxonomy":"category","embeddable":true,"href":"https:\/\/www.actualidadadiario.com\/index.php\/wp-json\/wp\/v2\/categories?post=58713"},{"taxonomy":"post_tag","embeddable":true,"href":"https:\/\/www.actualidadadiario.com\/index.php\/wp-json\/wp\/v2\/tags?post=58713"}],"curies":[{"name":"wp","href":"https:\/\/api.w.org\/{rel}","templated":true}]}}