{"id":58710,"date":"2020-03-06T11:00:30","date_gmt":"2020-03-06T14:00:30","guid":{"rendered":"https:\/\/www.actualidadadiario.com\/?p=58710"},"modified":"2020-03-06T11:00:30","modified_gmt":"2020-03-06T14:00:30","slug":"el-proyecto-para-legalizar-el-aborto-llega-el-lunes-al-congreso","status":"publish","type":"post","link":"https:\/\/www.actualidadadiario.com\/index.php\/2020\/03\/06\/el-proyecto-para-legalizar-el-aborto-llega-el-lunes-al-congreso\/","title":{"rendered":"El proyecto para legalizar el aborto llega el lunes al Congreso"},"content":{"rendered":"<p style=\"text-align: center;\"><em><strong>En el Gobierno nacional apuestan a tener listo el proyecto de Interrupci\u00f3n Voluntaria del Embarazo (IVE) para el lunes pr\u00f3ximo, el mismo d\u00eda en que miles de mujeres saldr\u00e1n a las calles en el marco del 8M. Una vez que ingrese al Congreso, buscar\u00e1n darle un tratamiento &#8220;expr\u00e9s&#8221; para evitar dilaciones que pongan en peligro su aprobaci\u00f3n, en especial en el Senado, donde el oficialismo a\u00fan no cuenta con los votos necesarios<\/strong><\/em><\/p>\n<p>&nbsp;<\/p>\n<p>La iniciativa ya tiene el visto bueno del ministro de Salud, Gin\u00e9s Gonz\u00e1lez Garc\u00eda, que desde un comienzo busc\u00f3 que el texto tuviera como eje a la salud. La secretaria Legal y T\u00e9cnica, Vilma Ibarra, encargada de coordinar el equipo interdisciplinario que lo redact\u00f3, est\u00e1 d\u00e1ndole los \u00faltimos retoques para que llegue al Congreso a principios de la semana que viene, dentro de los diez d\u00edas que prometi\u00f3 el presidente Alberto Fern\u00e1ndez durante la apertura de sesiones ordinarias.<\/p>\n<p>El d\u00eda elegido para presentar el proyecto de legalizaci\u00f3n del aborto no es al azar. En la Casa Rosada saben que para empezar el debate en el terreno parlamentario necesitan hacerlo con fuerza y nada mejor que con miles de mujeres festejando frente al Congreso. Si bien no se descart\u00f3 hacer la presentaci\u00f3n el domingo 8 de marzo, D\u00eda de la Mujer, cuando habr\u00e1 diversas acciones territoriales y cese de tareas de cuidado en diferentes puntos del pa\u00eds, el lunes 9 tiene la ventaja de que durante esa jornada se llevar\u00e1 adelante un paro feminista y una masiva movilizaci\u00f3n.<\/p>\n<p>Seg\u00fan dos fuentes del Ejecutivo nacional, &#8220;todo est\u00e1 preparado para que la presentaci\u00f3n del proyecto de legalizaci\u00f3n del aborto sea el lunes&#8221;. Desde el ministerio de las Mujeres, G\u00e9neros y Diversidad, que conduce Elizabeth G\u00f3mez Alcorta, saben que el debate no ser\u00e1 f\u00e1cil y que qui\u00e9nes est\u00e1n en contra de la IVE dar\u00e1n la disputa en el terreno p\u00fablico. La propia Conferencia Episcopal ya convoc\u00f3 a una misa contra el aborto en la Bas\u00edlica de Luj\u00e1n para el domingo pr\u00f3ximo bajo el lema &#8220;S\u00ed a las mujeres, s\u00ed a la vida&#8221;, invitaci\u00f3n que le lleg\u00f3 a trav\u00e9s de whatsapp a m\u00e1s de un funcionario nacional.<\/p>\n<p>No por casualidad, el mi\u00e9rcoles pasado, durante una charla que comparti\u00f3 con Alcorta en el CCK, Ibarra subray\u00f3 que &#8220;hay por delante una pelea dif\u00edcil&#8221; y pidi\u00f3 &#8220;no ceder la calle&#8221;. &#8220;Hay que militarla con una sonrisa&#8221;, apunt\u00f3 la secretaria Legal y T\u00e9cnica en la Sala Argentina del segundo subsuelo del edificio del ex Correo Central.<\/p>\n<p>Aunque en el Parlamento juran que desconocen la letra del proyecto, desde el oficialismo empezaron las negociaciones para conseguir unificar el voto puertas adentro, algo que en la C\u00e1mara Alta asoma como imposible. El presidente del bloque, Jos\u00e9 Mayans, ya adelant\u00f3 que no acompa\u00f1ar\u00e1, al igual que no lo hizo en 2018 cuando se discuti\u00f3 la iniciativa de la Campa\u00f1a Nacional por al aborto legal, seguro y gratuito, que obtuvo media sanci\u00f3n en Diputados y fue rechazada en el Senado.<\/p>\n","protected":false},"excerpt":{"rendered":"<p>En el Gobierno nacional apuestan a tener listo el proyecto de Interrupci\u00f3n Voluntaria del Embarazo (IVE) para el lunes pr\u00f3ximo, el mismo d\u00eda en que miles de mujeres saldr\u00e1n a las calles en el marco del 8M. Una vez que ingrese al Congreso, buscar\u00e1n darle un tratamiento &#8220;expr\u00e9s&#8221; para evitar dilaciones que pongan en peligro su aprobaci\u00f3n, en especial en el Senado, donde el oficialismo a\u00fan no cuenta con los votos necesarios &nbsp; La iniciativa ya tiene el visto bueno del ministro de Salud, Gin\u00e9s Gonz\u00e1lez Garc\u00eda, que desde un&#8230;<\/p>\n","protected":false},"author":3,"featured_media":58711,"comment_status":"closed","ping_status":"closed","sticky":false,"template":"","format":"standard","meta":[],"categories":[9],"tags":[],"_links":{"self":[{"href":"https:\/\/www.actualidadadiario.com\/index.php\/wp-json\/wp\/v2\/posts\/58710"}],"collection":[{"href":"https:\/\/www.actualidadadiario.com\/index.php\/wp-json\/wp\/v2\/posts"}],"about":[{"href":"https:\/\/www.actualidadadiario.com\/index.php\/wp-json\/wp\/v2\/types\/post"}],"author":[{"embeddable":true,"href":"https:\/\/www.actualidadadiario.com\/index.php\/wp-json\/wp\/v2\/users\/3"}],"replies":[{"embeddable":true,"href":"https:\/\/www.actualidadadiario.com\/index.php\/wp-json\/wp\/v2\/comments?post=58710"}],"version-history":[{"count":1,"href":"https:\/\/www.actualidadadiario.com\/index.php\/wp-json\/wp\/v2\/posts\/58710\/revisions"}],"predecessor-version":[{"id":58712,"href":"https:\/\/www.actualidadadiario.com\/index.php\/wp-json\/wp\/v2\/posts\/58710\/revisions\/58712"}],"wp:featuredmedia":[{"embeddable":true,"href":"https:\/\/www.actualidadadiario.com\/index.php\/wp-json\/wp\/v2\/media\/58711"}],"wp:attachment":[{"href":"https:\/\/www.actualidadadiario.com\/index.php\/wp-json\/wp\/v2\/media?parent=58710"}],"wp:term":[{"taxonomy":"category","embeddable":true,"href":"https:\/\/www.actualidadadiario.com\/index.php\/wp-json\/wp\/v2\/categories?post=58710"},{"taxonomy":"post_tag","embeddable":true,"href":"https:\/\/www.actualidadadiario.com\/index.php\/wp-json\/wp\/v2\/tags?post=58710"}],"curies":[{"name":"wp","href":"https:\/\/api.w.org\/{rel}","templated":true}]}}