{"id":58705,"date":"2020-03-06T10:59:00","date_gmt":"2020-03-06T13:59:00","guid":{"rendered":"https:\/\/www.actualidadadiario.com\/?p=58705"},"modified":"2020-03-06T10:59:00","modified_gmt":"2020-03-06T13:59:00","slug":"los-mayoristas-registran-un-crecimiento-en-las-ventas-en-las-ultimas-semanas","status":"publish","type":"post","link":"https:\/\/www.actualidadadiario.com\/index.php\/2020\/03\/06\/los-mayoristas-registran-un-crecimiento-en-las-ventas-en-las-ultimas-semanas\/","title":{"rendered":"Los mayoristas registran un crecimiento en las ventas en las \u00faltimas semanas"},"content":{"rendered":"<p style=\"text-align: center;\"><em><strong>As\u00ed lo indic\u00f3 V\u00edctor Fera, el presidente de la cadena Maxiconsumo, quien agreg\u00f3 que la tarjeta Alimentar impuls\u00f3 las compras de los sectores m\u00e1s vulnerables<\/strong><\/em><\/p>\n<p>&nbsp;<\/p>\n<p>&nbsp;<\/p>\n<p>Los mayoristas de productos de consumo masivo registran un crecimiento en las ventas en las \u00faltimas semanas, afirm\u00f3 hoy el presidente de Maxiconsumo, V\u00edctor Fera, que se\u00f1al\u00f3 adem\u00e1s que la tarjeta Alimentar impuls\u00f3 las compras de los sectores m\u00e1s vulnerables.<\/p>\n<p>&#8220;Nosotros estamos viendo un crecimiento de ventas, en nuestra empresa y en los colegas mayoristas&#8221;, afirm\u00f3 Fera esta ma\u00f1ana.<\/p>\n<p>El titular de Maxiconsumo aclar\u00f3 que esta observaci\u00f3n tiene que ver con su experiencia de los \u00faltimos d\u00edas, lo que tardar\u00e1 en expresarse en las estad\u00edsticas de ventas como las del Indec.<\/p>\n<p>Tambi\u00e9n sostuvo que la tarjeta Alimentar que lanz\u00f3 el gobierno est\u00e1 teniendo un efecto concreto y result\u00f3 un factor fundamental para &#8220;aumentar el consumo en la poblaci\u00f3n m\u00e1s vulnerable que antes no pod\u00eda consumir&#8221;, y agreg\u00f3 que &#8220;los bienes en los que se observa el aumento del consumo son los productos b\u00e1sicos.&#8221;<\/p>\n<p>Por otra parte y consultado sobre los aumentos de precios en alimentos, dijo coincidir con el presidente Alberto Fern\u00e1ndez en que &#8220;los empresarios no tienen justificaci\u00f3n para subir precios estando todo congelado&#8221;.<\/p>\n<p>&#8220;Ese aumento es responsabilidad de estos empresarios que tienen una posici\u00f3n abusiva&#8221;, afirm\u00f3.<\/p>\n<p>Seg\u00fan Fera, &#8220;los empresarios abusan de su posici\u00f3n dominante&#8221;, pero remarc\u00f3 que &#8220;ahora tendr\u00e1n que empezar a trabajar por la Argentina, y respetar la ley de G\u00f3ndolas&#8221;.<\/p>\n<p>El titular de Maxiconsumo, quien fue uno de los mayores impulsores de esta ley, enfatiz\u00f3 la relevancia de que haya sido aprobada porque permitir\u00e1 &#8220;que bajen los precios y una mayor competitividad&#8221;.<\/p>\n","protected":false},"excerpt":{"rendered":"<p>As\u00ed lo indic\u00f3 V\u00edctor Fera, el presidente de la cadena Maxiconsumo, quien agreg\u00f3 que la tarjeta Alimentar impuls\u00f3 las compras de los sectores m\u00e1s vulnerables &nbsp; &nbsp; Los mayoristas de productos de consumo masivo registran un crecimiento en las ventas en las \u00faltimas semanas, afirm\u00f3 hoy el presidente de Maxiconsumo, V\u00edctor Fera, que se\u00f1al\u00f3 adem\u00e1s que la tarjeta Alimentar impuls\u00f3 las compras de los sectores m\u00e1s vulnerables. &#8220;Nosotros estamos viendo un crecimiento de ventas, en nuestra empresa y en los colegas mayoristas&#8221;, afirm\u00f3 Fera esta ma\u00f1ana. El titular de Maxiconsumo&#8230;<\/p>\n","protected":false},"author":3,"featured_media":56226,"comment_status":"closed","ping_status":"closed","sticky":false,"template":"","format":"standard","meta":[],"categories":[2],"tags":[],"_links":{"self":[{"href":"https:\/\/www.actualidadadiario.com\/index.php\/wp-json\/wp\/v2\/posts\/58705"}],"collection":[{"href":"https:\/\/www.actualidadadiario.com\/index.php\/wp-json\/wp\/v2\/posts"}],"about":[{"href":"https:\/\/www.actualidadadiario.com\/index.php\/wp-json\/wp\/v2\/types\/post"}],"author":[{"embeddable":true,"href":"https:\/\/www.actualidadadiario.com\/index.php\/wp-json\/wp\/v2\/users\/3"}],"replies":[{"embeddable":true,"href":"https:\/\/www.actualidadadiario.com\/index.php\/wp-json\/wp\/v2\/comments?post=58705"}],"version-history":[{"count":1,"href":"https:\/\/www.actualidadadiario.com\/index.php\/wp-json\/wp\/v2\/posts\/58705\/revisions"}],"predecessor-version":[{"id":58706,"href":"https:\/\/www.actualidadadiario.com\/index.php\/wp-json\/wp\/v2\/posts\/58705\/revisions\/58706"}],"wp:featuredmedia":[{"embeddable":true,"href":"https:\/\/www.actualidadadiario.com\/index.php\/wp-json\/wp\/v2\/media\/56226"}],"wp:attachment":[{"href":"https:\/\/www.actualidadadiario.com\/index.php\/wp-json\/wp\/v2\/media?parent=58705"}],"wp:term":[{"taxonomy":"category","embeddable":true,"href":"https:\/\/www.actualidadadiario.com\/index.php\/wp-json\/wp\/v2\/categories?post=58705"},{"taxonomy":"post_tag","embeddable":true,"href":"https:\/\/www.actualidadadiario.com\/index.php\/wp-json\/wp\/v2\/tags?post=58705"}],"curies":[{"name":"wp","href":"https:\/\/api.w.org\/{rel}","templated":true}]}}