{"id":58696,"date":"2020-03-06T10:55:54","date_gmt":"2020-03-06T13:55:54","guid":{"rendered":"https:\/\/www.actualidadadiario.com\/?p=58696"},"modified":"2020-03-06T10:55:54","modified_gmt":"2020-03-06T13:55:54","slug":"finalizo-el-acuerdo-y-medicamentos-subieron-4-esta-semana","status":"publish","type":"post","link":"https:\/\/www.actualidadadiario.com\/index.php\/2020\/03\/06\/finalizo-el-acuerdo-y-medicamentos-subieron-4-esta-semana\/","title":{"rendered":"Finaliz\u00f3 el acuerdo y medicamentos subieron 4% esta semana"},"content":{"rendered":"<p style=\"text-align: center;\"><em><strong>Luego de que se terminara el acuerdo de rebajas entre el Gobierno y los laboratorios el s\u00e1bado \u00faltimo, los medicamentos volvieron a aumentar esta semana un 4%, tanto para las firmas nacionales como extranjeras<\/strong><\/em><\/p>\n<p>&nbsp;<\/p>\n<p>La informaci\u00f3n fue revelada por Rub\u00e9n Sajem, director del Centro de Profesionales Farmac\u00e9uticos Argentinos (Ceprofar), quien se\u00f1al\u00f3 que &#8220;como los medicamentos hab\u00edan estado en rebaja desde principios de diciembre, los aumentos se pueden considerar por debajo de la inflaci\u00f3n acumulada en tres meses&#8221;.<\/p>\n<p>De hecho, los laboratorios farmac\u00e9uticos hab\u00edan acordado con el ministro de Salud, Gin\u00e9s Gonz\u00e1lez Garc\u00eda, mantener la rebaja del 8% hasta el 29 de febrero y se comprometieron a aplicar aumentos por debajo de la inflaci\u00f3n durante este a\u00f1o. El director ejecutivo de Cilfa, Eduardo Franciosi, se\u00f1al\u00f3 que &#8220;las decisiones corrieron por cuenta de cada laboratorio, sin participaci\u00f3n de las c\u00e1maras&#8221;.<\/p>\n<p>En la misma direcci\u00f3n, otras fuentes del sector industrial indicaron a este medio que &#8220;existe un compromiso con el Gobierno de ajustar los precios durante el 2020 siempre por debajo de los \u00edndices de inflaci\u00f3n general&#8221;. Varios laboratorios nacionales y extranjeros, seg\u00fan revelaron las fuentes, &#8220;presentaron listas con aumentos de precios a las farmacias desde el lunes pasado, cuando hab\u00eda vencido el acuerdo&#8221;.<\/p>\n<p>Sajem detall\u00f3 que &#8220;en la mayor\u00eda de los casos, las subas son del 4% pero hay alg\u00fan laboratorio extranjero que subi\u00f3 hasta 5%&#8221;. En febrero, el presidente Alberto Fern\u00e1ndez llam\u00f3 a las empresas para pedirles que extendieran el acuerdo hasta fin de mes. En el Gobierno se\u00f1alaron que ya hab\u00eda habido un pedido expreso a los laboratorios nacionales y extranjeros para que, de existir aumentos de precios en los medicamentos, sean por debajo del IPC mensual.<\/p>\n<p>Los laboratorios, tanto nacionales como extranjeros, hab\u00edan retrotra\u00eddo los valores de los remedios al 6 de diciembre pasado. Gonz\u00e1lez Garc\u00eda sell\u00f3 el acuerdo a mediados de diciembre con la C\u00e1mara Empresaria de Laboratorios Farmac\u00e9uticos (Cooperala); la C\u00e1mara Industrial de Laboratorios Farmac\u00e9uticos Argentinos (CILFA); y la C\u00e1mara Argentina de Especialidades Medicinales (CAEME).<\/p>\n","protected":false},"excerpt":{"rendered":"<p>Luego de que se terminara el acuerdo de rebajas entre el Gobierno y los laboratorios el s\u00e1bado \u00faltimo, los medicamentos volvieron a aumentar esta semana un 4%, tanto para las firmas nacionales como extranjeras &nbsp; La informaci\u00f3n fue revelada por Rub\u00e9n Sajem, director del Centro de Profesionales Farmac\u00e9uticos Argentinos (Ceprofar), quien se\u00f1al\u00f3 que &#8220;como los medicamentos hab\u00edan estado en rebaja desde principios de diciembre, los aumentos se pueden considerar por debajo de la inflaci\u00f3n acumulada en tres meses&#8221;. De hecho, los laboratorios farmac\u00e9uticos hab\u00edan acordado con el ministro de Salud,&#8230;<\/p>\n","protected":false},"author":3,"featured_media":49695,"comment_status":"closed","ping_status":"closed","sticky":false,"template":"","format":"standard","meta":[],"categories":[2],"tags":[],"_links":{"self":[{"href":"https:\/\/www.actualidadadiario.com\/index.php\/wp-json\/wp\/v2\/posts\/58696"}],"collection":[{"href":"https:\/\/www.actualidadadiario.com\/index.php\/wp-json\/wp\/v2\/posts"}],"about":[{"href":"https:\/\/www.actualidadadiario.com\/index.php\/wp-json\/wp\/v2\/types\/post"}],"author":[{"embeddable":true,"href":"https:\/\/www.actualidadadiario.com\/index.php\/wp-json\/wp\/v2\/users\/3"}],"replies":[{"embeddable":true,"href":"https:\/\/www.actualidadadiario.com\/index.php\/wp-json\/wp\/v2\/comments?post=58696"}],"version-history":[{"count":1,"href":"https:\/\/www.actualidadadiario.com\/index.php\/wp-json\/wp\/v2\/posts\/58696\/revisions"}],"predecessor-version":[{"id":58697,"href":"https:\/\/www.actualidadadiario.com\/index.php\/wp-json\/wp\/v2\/posts\/58696\/revisions\/58697"}],"wp:featuredmedia":[{"embeddable":true,"href":"https:\/\/www.actualidadadiario.com\/index.php\/wp-json\/wp\/v2\/media\/49695"}],"wp:attachment":[{"href":"https:\/\/www.actualidadadiario.com\/index.php\/wp-json\/wp\/v2\/media?parent=58696"}],"wp:term":[{"taxonomy":"category","embeddable":true,"href":"https:\/\/www.actualidadadiario.com\/index.php\/wp-json\/wp\/v2\/categories?post=58696"},{"taxonomy":"post_tag","embeddable":true,"href":"https:\/\/www.actualidadadiario.com\/index.php\/wp-json\/wp\/v2\/tags?post=58696"}],"curies":[{"name":"wp","href":"https:\/\/api.w.org\/{rel}","templated":true}]}}