{"id":58693,"date":"2020-03-06T10:55:11","date_gmt":"2020-03-06T13:55:11","guid":{"rendered":"https:\/\/www.actualidadadiario.com\/?p=58693"},"modified":"2020-03-06T10:55:11","modified_gmt":"2020-03-06T13:55:11","slug":"devolucion-del-iva-a-jubilados","status":"publish","type":"post","link":"https:\/\/www.actualidadadiario.com\/index.php\/2020\/03\/06\/devolucion-del-iva-a-jubilados\/","title":{"rendered":"Devoluci\u00f3n del IVA a jubilados"},"content":{"rendered":"<p style=\"text-align: center;\"><em><strong>Autoridades del Gobierno firmaron convenio para la devoluci\u00f3n del IVA a jubilados y pensionados. El reintegro empieza en este mes de marzo y tiene un tope de $700 mensuales. En representaci\u00f3n del Gobierno lo rubricaron la directora Ejecutiva de PAMI, Luana Volnovich; el titular de la ANSES, Alejandro Vanoli; y la directora de la AFIP, Mercedes Marco del Pont<\/strong><\/em><\/p>\n<p>&nbsp;<\/p>\n<p>El reintegro del IVA tendr\u00e1 impacto en todos los adultos mayores que se encuentran en el r\u00e9gimen previsional y significar\u00e1 un aumento indirecto que alcanzar\u00e1 7,1 millones de personas. Este monto se traduce 4,5% de aumento para una jubilaci\u00f3n m\u00ednima.<\/p>\n<p>La devoluci\u00f3n de hasta $700 al mes tambi\u00e9n abarca a los beneficiarios de la AUH, los cuales ver\u00e1n aumentado su ingreso real en un 22,5%. El s\u00e1bado pasado, la AFIP introdujo modificaciones a la resoluci\u00f3n 4676, que reglamenta el R\u00e9gimen de Reintegro a Sectores Vulnerados, que rige desde el primero de marzo.<\/p>\n","protected":false},"excerpt":{"rendered":"<p>Autoridades del Gobierno firmaron convenio para la devoluci\u00f3n del IVA a jubilados y pensionados. El reintegro empieza en este mes de marzo y tiene un tope de $700 mensuales. En representaci\u00f3n del Gobierno lo rubricaron la directora Ejecutiva de PAMI, Luana Volnovich; el titular de la ANSES, Alejandro Vanoli; y la directora de la AFIP, Mercedes Marco del Pont &nbsp; El reintegro del IVA tendr\u00e1 impacto en todos los adultos mayores que se encuentran en el r\u00e9gimen previsional y significar\u00e1 un aumento indirecto que alcanzar\u00e1 7,1 millones de personas. Este&#8230;<\/p>\n","protected":false},"author":3,"featured_media":58694,"comment_status":"closed","ping_status":"closed","sticky":false,"template":"","format":"standard","meta":[],"categories":[9],"tags":[],"_links":{"self":[{"href":"https:\/\/www.actualidadadiario.com\/index.php\/wp-json\/wp\/v2\/posts\/58693"}],"collection":[{"href":"https:\/\/www.actualidadadiario.com\/index.php\/wp-json\/wp\/v2\/posts"}],"about":[{"href":"https:\/\/www.actualidadadiario.com\/index.php\/wp-json\/wp\/v2\/types\/post"}],"author":[{"embeddable":true,"href":"https:\/\/www.actualidadadiario.com\/index.php\/wp-json\/wp\/v2\/users\/3"}],"replies":[{"embeddable":true,"href":"https:\/\/www.actualidadadiario.com\/index.php\/wp-json\/wp\/v2\/comments?post=58693"}],"version-history":[{"count":1,"href":"https:\/\/www.actualidadadiario.com\/index.php\/wp-json\/wp\/v2\/posts\/58693\/revisions"}],"predecessor-version":[{"id":58695,"href":"https:\/\/www.actualidadadiario.com\/index.php\/wp-json\/wp\/v2\/posts\/58693\/revisions\/58695"}],"wp:featuredmedia":[{"embeddable":true,"href":"https:\/\/www.actualidadadiario.com\/index.php\/wp-json\/wp\/v2\/media\/58694"}],"wp:attachment":[{"href":"https:\/\/www.actualidadadiario.com\/index.php\/wp-json\/wp\/v2\/media?parent=58693"}],"wp:term":[{"taxonomy":"category","embeddable":true,"href":"https:\/\/www.actualidadadiario.com\/index.php\/wp-json\/wp\/v2\/categories?post=58693"},{"taxonomy":"post_tag","embeddable":true,"href":"https:\/\/www.actualidadadiario.com\/index.php\/wp-json\/wp\/v2\/tags?post=58693"}],"curies":[{"name":"wp","href":"https:\/\/api.w.org\/{rel}","templated":true}]}}