{"id":58681,"date":"2020-03-06T10:51:16","date_gmt":"2020-03-06T13:51:16","guid":{"rendered":"https:\/\/www.actualidadadiario.com\/?p=58681"},"modified":"2020-03-06T10:51:16","modified_gmt":"2020-03-06T13:51:16","slug":"cautela-en-el-gobierno-provincial-ante-el-paro-de-la-mesa-de-enlace","status":"publish","type":"post","link":"https:\/\/www.actualidadadiario.com\/index.php\/2020\/03\/06\/cautela-en-el-gobierno-provincial-ante-el-paro-de-la-mesa-de-enlace\/","title":{"rendered":"Cautela en el Gobierno provincial ante el paro de la Mesa de Enlace"},"content":{"rendered":"<p style=\"text-align: center;\"><em><strong>El Gobernador Gustavo Bordet y su funcionariado se mantendr\u00e1n fuera de toda pol\u00e9mica con la dirigencia de rural a pesar del paro agropecuario que hizo crujir el escenario de di\u00e1logo, indicaron fuentes gubernamentales. La lectura oficial es que, por movimiento de actores y por diferencia de contexto, no se volver\u00e1 a repetir lo ocurrido en 2008<\/strong><\/em><\/p>\n<p>&nbsp;<\/p>\n<p>&nbsp;<\/p>\n<p>La decisi\u00f3n de la Mesa de Enlace de convocar a un paro durante la semana que viene, no sorprendi\u00f3 ni a Gustavo Bordet ni a su gabinete. Las medidas y sus posibles consecuencias ya hab\u00edan sido charladas al m\u00e1s alto nivel con el presidente Alberto Fern\u00e1ndez y el ministro Luis Eugenio Basterra.<\/p>\n<p>El Gobierno provincial hizo sugerencias. Algunas fueron atendidas, otras no, pero Bordet y su gente saben que la Administraci\u00f3n Nacional debe congeniar las necesidades de financiamiento en un momento de extrema tensi\u00f3n con el Fondo Monetario Internacional y los bonistas por la reestructuraci\u00f3n de la deuda, con la paz social y los reclamos sectoriales.<\/p>\n<p>El funcionariado provincial que tiene contacto con la dirigencia rural comenta que la Mesa de Enlace esperaba medidas mucho m\u00e1s duras que las que finalmente se anunciaron. Y consideran que las definiciones sobre las econom\u00edas regionales baj\u00f3, en parte, los decibles a la disputa. Incluso mencionan un clima favorable dentro del sector arrocero provincial.<\/p>\n<p>El punto en cuesti\u00f3n es el techo de mil toneladas de soja que se fij\u00f3 para el cobro del derecho a la exportaci\u00f3n. La expectativa de los ruralistas era que se ubique por encima de 1500, sacando del terreno de la suba a la totalidad de los peque\u00f1os y medianos productores.<\/p>\n<p>La lectura que se hace en la Casa Gris es que mucho del reclamo gremial sectorial del campo se corresponde con los intereses pol\u00edticos de Juntos por el Cambio en general y del PRO, m\u00e1s espec\u00edficamente. Esto genera una situaci\u00f3n que, a los dirigentes agropecuarios, se les torna muy dif\u00edcil de manejar: desde la conducci\u00f3n de las entidades no se ve\u00eda tan complicada la medida de Fern\u00e1ndez, pero la efervescencia de algunas bases forz\u00f3 el conflicto porque no las pudieron encauzar.<\/p>\n<p>El Gobierno tambi\u00e9n reconoce que hace falta una reconstrucci\u00f3n de confianza con los ruralistas, para lo cual es necesario un movimiento de acercamiento mutuo. En las oficinas gubernamentales esperan que se dejen de partidizar los reclamos, a muchos de los cuales consideran entendibles y razonables y que podr\u00edan canalizarse por otras v\u00edas.<\/p>\n<p>La coincidencia entre el Gobierno nacional y provincial en la lectura del conflicto pasa por evitar la pol\u00e9mica y profundizar el di\u00e1logo, a pesar de que la Mesa de Enlace haya lanzado una convocatoria dura, con cuatro d\u00edas de cese de comercializaci\u00f3n.<\/p>\n<p>En la Administraci\u00f3n Bordet la estrategia de no confrontar no s\u00f3lo se debe a actuar en sinton\u00eda con Alberto Fern\u00e1ndez y su equipo, sino tambi\u00e9n a una necesidad. En poco tiempo m\u00e1s, tendr\u00e1n que sentarse con los dirigentes del campo para hablar sobre la actualizaci\u00f3n del impuesto inmobiliario rural. Y no se espera que las charlas sean f\u00e1ciles.<\/p>\n<p>Estas conversaciones se iniciar\u00e1n, m\u00e1s o menos, en unos 15 \u00f3 20 d\u00edas y no hay intenci\u00f3n del Gobierno provincial que el tema se mezcle con el nuevo escalonamiento de las retenciones agropecuarias.<\/p>\n<p>La conducci\u00f3n pol\u00edtica provincial no quiere entrar en el juego que coligen se propone desde el sector del campo: revivir el escenario de conflicto que se dio con la resoluci\u00f3n 125 en 2008 y que para el ruralismo tiene una \u00e9pica que incluso supera al \u201cGrito de Alcorta\u201d.<\/p>\n<p>Bajo la lupa oficial, los elementos no est\u00e1n dispuestos de igual manera ahora que entonces. Si bien por un lado se presentan los mismos polos (Gobierno y \u201ccampo\u201d) tensando una misma soga (las retenciones), la sociedad en general, que en aquel momento estaba atravesando un momento de relativa bonanza econ\u00f3mica que le permiti\u00f3 generar empat\u00eda con los sectores rurales y plegarse a sus posiciones, hoy vive otra realidad. La crisis ha calado hondo en los sectores medios que antes se embanderaban bajo la leyenda \u201cTodos somos el Campo\u201d, hoy deben atender su propia crisis.<\/p>\n<p>\u201cEn 2008 el campo ten\u00eda un cheque en blanco de la sociedad. Hoy, apenas un descubierto\u201d, grafic\u00f3 una de las altas fuentes gubernamentales consultadas por esta Agencia.<\/p>\n<p>Adem\u00e1s, en la Casa de Gobierno consideran que los estilos de Cristina Fern\u00e1ndez de Kirchner y de Alberto Fern\u00e1ndez son diferentes. Eso se traduce en las declaraciones y en el trato con la dirigencia rural, que en 2008 se mostraba m\u00e1s molesta con la pirotecnia verbal de CFK que con las medidas en s\u00ed.<\/p>\n","protected":false},"excerpt":{"rendered":"<p>El Gobernador Gustavo Bordet y su funcionariado se mantendr\u00e1n fuera de toda pol\u00e9mica con la dirigencia de rural a pesar del paro agropecuario que hizo crujir el escenario de di\u00e1logo, indicaron fuentes gubernamentales. La lectura oficial es que, por movimiento de actores y por diferencia de contexto, no se volver\u00e1 a repetir lo ocurrido en 2008 &nbsp; &nbsp; La decisi\u00f3n de la Mesa de Enlace de convocar a un paro durante la semana que viene, no sorprendi\u00f3 ni a Gustavo Bordet ni a su gabinete. Las medidas y sus posibles&#8230;<\/p>\n","protected":false},"author":3,"featured_media":58682,"comment_status":"closed","ping_status":"closed","sticky":false,"template":"","format":"standard","meta":[],"categories":[15],"tags":[],"_links":{"self":[{"href":"https:\/\/www.actualidadadiario.com\/index.php\/wp-json\/wp\/v2\/posts\/58681"}],"collection":[{"href":"https:\/\/www.actualidadadiario.com\/index.php\/wp-json\/wp\/v2\/posts"}],"about":[{"href":"https:\/\/www.actualidadadiario.com\/index.php\/wp-json\/wp\/v2\/types\/post"}],"author":[{"embeddable":true,"href":"https:\/\/www.actualidadadiario.com\/index.php\/wp-json\/wp\/v2\/users\/3"}],"replies":[{"embeddable":true,"href":"https:\/\/www.actualidadadiario.com\/index.php\/wp-json\/wp\/v2\/comments?post=58681"}],"version-history":[{"count":1,"href":"https:\/\/www.actualidadadiario.com\/index.php\/wp-json\/wp\/v2\/posts\/58681\/revisions"}],"predecessor-version":[{"id":58683,"href":"https:\/\/www.actualidadadiario.com\/index.php\/wp-json\/wp\/v2\/posts\/58681\/revisions\/58683"}],"wp:featuredmedia":[{"embeddable":true,"href":"https:\/\/www.actualidadadiario.com\/index.php\/wp-json\/wp\/v2\/media\/58682"}],"wp:attachment":[{"href":"https:\/\/www.actualidadadiario.com\/index.php\/wp-json\/wp\/v2\/media?parent=58681"}],"wp:term":[{"taxonomy":"category","embeddable":true,"href":"https:\/\/www.actualidadadiario.com\/index.php\/wp-json\/wp\/v2\/categories?post=58681"},{"taxonomy":"post_tag","embeddable":true,"href":"https:\/\/www.actualidadadiario.com\/index.php\/wp-json\/wp\/v2\/tags?post=58681"}],"curies":[{"name":"wp","href":"https:\/\/api.w.org\/{rel}","templated":true}]}}