{"id":58679,"date":"2020-03-06T10:50:33","date_gmt":"2020-03-06T13:50:33","guid":{"rendered":"https:\/\/www.actualidadadiario.com\/?p=58679"},"modified":"2020-03-06T10:50:33","modified_gmt":"2020-03-06T13:50:33","slug":"el-congreso-de-agmer-volvera-a-sesionar-el-11-de-marzo","status":"publish","type":"post","link":"https:\/\/www.actualidadadiario.com\/index.php\/2020\/03\/06\/el-congreso-de-agmer-volvera-a-sesionar-el-11-de-marzo\/","title":{"rendered":"El Congreso de Agmer volver\u00e1 a sesionar el 11 de marzo"},"content":{"rendered":"<p style=\"text-align: center;\"><em><strong>La comisi\u00f3n directiva central de la Asociaci\u00f3n Gremial del Magisterio de Entre R\u00edos (Agmer) convoc\u00f3 a la continuidad del CXC Congreso extraordinario. La segunda sesi\u00f3n del c\u00f3nclave ser\u00e1 el mi\u00e9rcoles 11 de marzo en San Salvador, luego del cuarto intermedio dispuesto el 28 de febrero<\/strong><\/em><\/p>\n<p>&nbsp;<\/p>\n<p>La comisi\u00f3n directiva central convoc\u00f3 a la segunda sesi\u00f3n del CXC Congreso extraordinario de Agmer para el 11 de marzo de 2020,\u00a0 en el sal\u00f3n de la Seccional San Salvador ubicada en calle Primera Junta 448\u00a0 de la ciudad de San Salvador, a partir de las 9, inform\u00f3 el sindicato en un documento que lleva la firma del secretario Gremial e Interior, Guillermo Zampedri.<\/p>\n<p>&nbsp;<\/p>\n<p><strong>Durante el c\u00f3nclave se dar\u00e1 tratamiento al siguiente temario:<\/strong><\/p>\n<ol>\n<li>Elecci\u00f3n mesa del Congreso.<\/li>\n<li>Informe de gesti\u00f3n.<\/li>\n<li>An\u00e1lisis de la situaci\u00f3n nacional y provincial.<\/li>\n<li>Lectura de mandatos.<\/li>\n<li>Estrategias a seguir.<\/li>\n<\/ol>\n","protected":false},"excerpt":{"rendered":"<p>La comisi\u00f3n directiva central de la Asociaci\u00f3n Gremial del Magisterio de Entre R\u00edos (Agmer) convoc\u00f3 a la continuidad del CXC Congreso extraordinario. La segunda sesi\u00f3n del c\u00f3nclave ser\u00e1 el mi\u00e9rcoles 11 de marzo en San Salvador, luego del cuarto intermedio dispuesto el 28 de febrero &nbsp; La comisi\u00f3n directiva central convoc\u00f3 a la segunda sesi\u00f3n del CXC Congreso extraordinario de Agmer para el 11 de marzo de 2020,\u00a0 en el sal\u00f3n de la Seccional San Salvador ubicada en calle Primera Junta 448\u00a0 de la ciudad de San Salvador, a partir&#8230;<\/p>\n","protected":false},"author":3,"featured_media":58297,"comment_status":"closed","ping_status":"closed","sticky":false,"template":"","format":"standard","meta":[],"categories":[15],"tags":[],"_links":{"self":[{"href":"https:\/\/www.actualidadadiario.com\/index.php\/wp-json\/wp\/v2\/posts\/58679"}],"collection":[{"href":"https:\/\/www.actualidadadiario.com\/index.php\/wp-json\/wp\/v2\/posts"}],"about":[{"href":"https:\/\/www.actualidadadiario.com\/index.php\/wp-json\/wp\/v2\/types\/post"}],"author":[{"embeddable":true,"href":"https:\/\/www.actualidadadiario.com\/index.php\/wp-json\/wp\/v2\/users\/3"}],"replies":[{"embeddable":true,"href":"https:\/\/www.actualidadadiario.com\/index.php\/wp-json\/wp\/v2\/comments?post=58679"}],"version-history":[{"count":1,"href":"https:\/\/www.actualidadadiario.com\/index.php\/wp-json\/wp\/v2\/posts\/58679\/revisions"}],"predecessor-version":[{"id":58680,"href":"https:\/\/www.actualidadadiario.com\/index.php\/wp-json\/wp\/v2\/posts\/58679\/revisions\/58680"}],"wp:featuredmedia":[{"embeddable":true,"href":"https:\/\/www.actualidadadiario.com\/index.php\/wp-json\/wp\/v2\/media\/58297"}],"wp:attachment":[{"href":"https:\/\/www.actualidadadiario.com\/index.php\/wp-json\/wp\/v2\/media?parent=58679"}],"wp:term":[{"taxonomy":"category","embeddable":true,"href":"https:\/\/www.actualidadadiario.com\/index.php\/wp-json\/wp\/v2\/categories?post=58679"},{"taxonomy":"post_tag","embeddable":true,"href":"https:\/\/www.actualidadadiario.com\/index.php\/wp-json\/wp\/v2\/tags?post=58679"}],"curies":[{"name":"wp","href":"https:\/\/api.w.org\/{rel}","templated":true}]}}