{"id":58676,"date":"2020-03-06T10:49:52","date_gmt":"2020-03-06T13:49:52","guid":{"rendered":"https:\/\/www.actualidadadiario.com\/?p=58676"},"modified":"2020-03-06T10:49:52","modified_gmt":"2020-03-06T13:49:52","slug":"profundizan-los-controles-provinciales-de-aplicacion-de-fitosanitarios","status":"publish","type":"post","link":"https:\/\/www.actualidadadiario.com\/index.php\/2020\/03\/06\/profundizan-los-controles-provinciales-de-aplicacion-de-fitosanitarios\/","title":{"rendered":"Profundizan los controles provinciales de aplicaci\u00f3n de fitosanitarios"},"content":{"rendered":"<p style=\"text-align: center;\"><em><strong>El gobierno provincial, a trav\u00e9s de los Ministerios de Gobierno y Justicia y Producci\u00f3n, Turismo y Desarrollo Econ\u00f3mico, profundiza los controles sobre la aplicaci\u00f3n de fitosanitarios en zonas rurales. Se brindar\u00e1n capacitaciones sobre protocolos de actuaci\u00f3n a agentes de la Polic\u00eda de Entre R\u00edos<\/strong><\/em><\/p>\n<p>&nbsp;<\/p>\n<p>Con el prop\u00f3sito de fortalecer los controles de aplicaci\u00f3n de fitosanitarios en rutas y zonas rurales de la provincia, la ministra de Gobierno y Justicia, Rosario Romero, recibi\u00f3 al secretario de Agricultura y Ganader\u00eda, Lucio Amavet junto a funcionarios ministeriales; el jefe de Polic\u00eda, Gustavo Maslein; autoridades y funcionarios de la Direcci\u00f3n de Delitos Rurales y representantes de Seguridad Vial de la Provincia.<\/p>\n<p>Durante el encuentro, desarrollado en Casa Gris, se trabaj\u00f3 en relaci\u00f3n al protocolo de actuaci\u00f3n para agentes policiales y se dialog\u00f3 sobre el manual de buenas pr\u00e1cticas para la aplicaci\u00f3n de fitosanitarios.<\/p>\n<p>\u201cPudimos trabajar con los diferentes agentes que intervienen en esta tem\u00e1tica, con el objeto de profundizar los controles que se vienen realizando en los puestos camineros de la provincia y en las comisar\u00edas rurales. Como Estado tenemos el deber de continuar articulando esfuerzos para encontrar equilibrio, logrando que se cumplan las normas y las buenas pr\u00e1cticas agr\u00edcolas\u201d, subray\u00f3 la ministra Romero tras la reuni\u00f3n.<\/p>\n<p>En este sentido, inform\u00f3 que para continuar profundizando esta tarea \u201cse va a comenzar con un proceso de capacitaci\u00f3n destinada a la Polic\u00eda de Entre R\u00edos. El primera est\u00e1 pautado para el mi\u00e9rcoles 18 de marzo en Oro Verde y los pr\u00f3ximos ser\u00e1n en abril, en las localidades de Villaguay y Concepci\u00f3n del Uruguay\u201d.<\/p>\n<p>Por su parte, el secretario de Agricultura y Ganader\u00eda, Lucio Amavet, explic\u00f3 que \u201cla reuni\u00f3n sirvi\u00f3 para articular las acciones que tenemos en conjunto con la Polic\u00eda de Entre R\u00edos para prevenir y concientizar sobre el uso y aplicaci\u00f3n de fitosanitarios. En este sentido, vamos a desarrollar un plan de capacitaciones para todos los agentes de Polic\u00eda, con el objetivo de trabajar sobre la ley N\u00b0 6.599 y el decreto reglamentario sobre la aplicaci\u00f3n de fitosanitarios\u201d.<\/p>\n<p>Asimismo, Amavet explic\u00f3 que dentro del plan de aplicaci\u00f3n de fitosanitarios se contempla, por un lado, el programa de control y fiscalizaci\u00f3n y por el otro un incentivo a los productores para el ingreso a un programa de producci\u00f3n sustentable.<\/p>\n<p>\u201cEl programa tiene que ver con aplicar buenas pr\u00e1cticas agr\u00edcolas en condiciones ambientales favorables, con equipos registrados, con los operarios capacitados y con la posibilidad de avanzar en un plan de rotaci\u00f3n de cultivo y conservaci\u00f3n de suelo yendo a una producci\u00f3n sustentable con menos utilizaci\u00f3n de productos qu\u00edmicos. Eso nos va ayudar en bajar el contenido de aplicaciones y, junto al control de la fiscalizaci\u00f3n, prevenir cualquier situaci\u00f3n de una posible mala aplicaci\u00f3n que repercute fundamentalmente en la salud humana y en la producci\u00f3n\u201d, concluy\u00f3 el funcionario.<\/p>\n<p>En tanto, el jefe de Polic\u00eda, Gustavo Maslein, valor\u00f3 la iniciativa de brindar capacitaci\u00f3n a los agentes \u201cya que esto nos va a permitir brindar un mejor servicio a la comunidad, no solamente en la detecci\u00f3n sino tambi\u00e9n en la prevenci\u00f3n de malas pr\u00e1cticas de aplicaci\u00f3n o traslado de fitosanitarios o sustancias peligrosas\u201d.<\/p>\n<p>Participaron tambi\u00e9n de la reuni\u00f3n, el director de Prevenci\u00f3n de Delitos Rurales, Gast\u00f3n Silveti; el director General de Fiscalizaci\u00f3n, Manuel Moza; el director General de Agricultura, Carlos Toledo; el ingeniero Agr\u00f3nomo de Delitos Rurales, Dami\u00e1n Acosta; el subdirector de Operaciones y Seguridad, Marcos Antoniow; el jefe de Investigaciones Forestales, Ariel Mart\u00ednez y el director de Prevenci\u00f3n y Seguridad Vial de la Polic\u00eda, Fabi\u00e1n Blanco.<\/p>\n","protected":false},"excerpt":{"rendered":"<p>El gobierno provincial, a trav\u00e9s de los Ministerios de Gobierno y Justicia y Producci\u00f3n, Turismo y Desarrollo Econ\u00f3mico, profundiza los controles sobre la aplicaci\u00f3n de fitosanitarios en zonas rurales. Se brindar\u00e1n capacitaciones sobre protocolos de actuaci\u00f3n a agentes de la Polic\u00eda de Entre R\u00edos &nbsp; Con el prop\u00f3sito de fortalecer los controles de aplicaci\u00f3n de fitosanitarios en rutas y zonas rurales de la provincia, la ministra de Gobierno y Justicia, Rosario Romero, recibi\u00f3 al secretario de Agricultura y Ganader\u00eda, Lucio Amavet junto a funcionarios ministeriales; el jefe de Polic\u00eda, Gustavo&#8230;<\/p>\n","protected":false},"author":3,"featured_media":58677,"comment_status":"closed","ping_status":"closed","sticky":false,"template":"","format":"standard","meta":[],"categories":[15],"tags":[],"_links":{"self":[{"href":"https:\/\/www.actualidadadiario.com\/index.php\/wp-json\/wp\/v2\/posts\/58676"}],"collection":[{"href":"https:\/\/www.actualidadadiario.com\/index.php\/wp-json\/wp\/v2\/posts"}],"about":[{"href":"https:\/\/www.actualidadadiario.com\/index.php\/wp-json\/wp\/v2\/types\/post"}],"author":[{"embeddable":true,"href":"https:\/\/www.actualidadadiario.com\/index.php\/wp-json\/wp\/v2\/users\/3"}],"replies":[{"embeddable":true,"href":"https:\/\/www.actualidadadiario.com\/index.php\/wp-json\/wp\/v2\/comments?post=58676"}],"version-history":[{"count":1,"href":"https:\/\/www.actualidadadiario.com\/index.php\/wp-json\/wp\/v2\/posts\/58676\/revisions"}],"predecessor-version":[{"id":58678,"href":"https:\/\/www.actualidadadiario.com\/index.php\/wp-json\/wp\/v2\/posts\/58676\/revisions\/58678"}],"wp:featuredmedia":[{"embeddable":true,"href":"https:\/\/www.actualidadadiario.com\/index.php\/wp-json\/wp\/v2\/media\/58677"}],"wp:attachment":[{"href":"https:\/\/www.actualidadadiario.com\/index.php\/wp-json\/wp\/v2\/media?parent=58676"}],"wp:term":[{"taxonomy":"category","embeddable":true,"href":"https:\/\/www.actualidadadiario.com\/index.php\/wp-json\/wp\/v2\/categories?post=58676"},{"taxonomy":"post_tag","embeddable":true,"href":"https:\/\/www.actualidadadiario.com\/index.php\/wp-json\/wp\/v2\/tags?post=58676"}],"curies":[{"name":"wp","href":"https:\/\/api.w.org\/{rel}","templated":true}]}}