{"id":58674,"date":"2020-03-06T10:49:06","date_gmt":"2020-03-06T13:49:06","guid":{"rendered":"https:\/\/www.actualidadadiario.com\/?p=58674"},"modified":"2020-03-06T10:49:06","modified_gmt":"2020-03-06T13:49:06","slug":"entre-rios-y-santa-fe-acuerdan-lineas-de-accion-en-donacion-y-trasplante","status":"publish","type":"post","link":"https:\/\/www.actualidadadiario.com\/index.php\/2020\/03\/06\/entre-rios-y-santa-fe-acuerdan-lineas-de-accion-en-donacion-y-trasplante\/","title":{"rendered":"Entre R\u00edos y Santa Fe acuerdan l\u00edneas de acci\u00f3n en donaci\u00f3n y trasplante"},"content":{"rendered":"<p style=\"text-align: center;\"><em><strong>Las autoridades de Entre R\u00edos y Santa Fe en materia de donaci\u00f3n y trasplante de \u00f3rganos y tejidos, se reunieron en Paran\u00e1. En la oportunidad evaluaron la situaci\u00f3n actual y coincidieron en la necesidad avanzar en l\u00edneas de acci\u00f3n conjuntas<\/strong><\/em><\/p>\n<p>&nbsp;<\/p>\n<p>&nbsp;<\/p>\n<p>La directora general de Prestaciones del Ministerio de Salud, Andrea Nassivera, presidi\u00f3 el encuentro que convoc\u00f3 al titular del Centro \u00danico Coordinador de Ablaci\u00f3n e Implantes de Entre R\u00edos (Cucaier), Ra\u00fal Rodr\u00edguez, y su par de la provincia de Santa Fe, Mario Perich\u00f3n, quien reasumi\u00f3 la presidencia del Centro \u00danico de Donaci\u00f3n, Ablaci\u00f3n e Implante de \u00d3rganos (Cudaio).<\/p>\n<p>La reuni\u00f3n, desarrollada en la sede del Cucaier en el hospital San Mart\u00edn de Paran\u00e1, permiti\u00f3 evaluar la situaci\u00f3n actual y proyectar l\u00edneas de acci\u00f3n para los pr\u00f3ximos a\u00f1os.<\/p>\n<p>El jefe del Cucaier, Ra\u00fal Rodr\u00edguez, destac\u00f3 la importancia del encuentro: \u201cEntre R\u00edos y Santa Fe tienen una rica historia de cooperaci\u00f3n y han hecho siempre un important\u00edsimo aporte en el contexto nacional\u201d; y adelant\u00f3 que, en esa l\u00ednea, \u201ctenemos muchos ejes para avanzar en colaboraci\u00f3n en el futuro\u201d.<\/p>\n<p>All\u00ed destac\u00f3 la trayectoria del santafesino, Mario Perich\u00f3n, quien fue uno de los primeros inmun\u00f3logos del pa\u00eds en afrontar la tarea de la donaci\u00f3n y el trasplante. A lo largo de su carrera, el profesional ha dirigido la jurisdicci\u00f3n de Santa Fe y la Presidencia del Instituto Nacional Central \u00danico Coordinador de Ablaci\u00f3n e Implante (Incucai), e inicia ahora una nueva etapa al frente del Cudaio. Junto al Cucaier representan dos Jurisdicciones que hist\u00f3ricamente han cooperado para el desarrollo de la regi\u00f3n, bas\u00e1ndose en objetivos en com\u00fan.<\/p>\n<p>En la oportunidad dos de los puntos fundamentales de evaluaci\u00f3n y proyectos fueron los Bancos de Tejidos y los Laboratorios espec\u00edficos, claves para el trabajo de la donaci\u00f3n y el trasplante en la regi\u00f3n. Sobre ambos aspectos existen puntos en com\u00fan que pueden optimizar los resultados en la tarea, \u201cas\u00ed que resulta de gran importancia contar con el acompa\u00f1amiento de nuestro Ministerio a trav\u00e9s de sus autoridades, que permanentemente est\u00e1n atentas a las necesidades del sector, potenciando las capacidades de gesti\u00f3n en beneficio de toda la comunidad\u201d, complet\u00f3 Rodr\u00edguez.<\/p>\n","protected":false},"excerpt":{"rendered":"<p>Las autoridades de Entre R\u00edos y Santa Fe en materia de donaci\u00f3n y trasplante de \u00f3rganos y tejidos, se reunieron en Paran\u00e1. En la oportunidad evaluaron la situaci\u00f3n actual y coincidieron en la necesidad avanzar en l\u00edneas de acci\u00f3n conjuntas &nbsp; &nbsp; La directora general de Prestaciones del Ministerio de Salud, Andrea Nassivera, presidi\u00f3 el encuentro que convoc\u00f3 al titular del Centro \u00danico Coordinador de Ablaci\u00f3n e Implantes de Entre R\u00edos (Cucaier), Ra\u00fal Rodr\u00edguez, y su par de la provincia de Santa Fe, Mario Perich\u00f3n, quien reasumi\u00f3 la presidencia del&#8230;<\/p>\n","protected":false},"author":3,"featured_media":30907,"comment_status":"closed","ping_status":"closed","sticky":false,"template":"","format":"standard","meta":[],"categories":[9],"tags":[],"_links":{"self":[{"href":"https:\/\/www.actualidadadiario.com\/index.php\/wp-json\/wp\/v2\/posts\/58674"}],"collection":[{"href":"https:\/\/www.actualidadadiario.com\/index.php\/wp-json\/wp\/v2\/posts"}],"about":[{"href":"https:\/\/www.actualidadadiario.com\/index.php\/wp-json\/wp\/v2\/types\/post"}],"author":[{"embeddable":true,"href":"https:\/\/www.actualidadadiario.com\/index.php\/wp-json\/wp\/v2\/users\/3"}],"replies":[{"embeddable":true,"href":"https:\/\/www.actualidadadiario.com\/index.php\/wp-json\/wp\/v2\/comments?post=58674"}],"version-history":[{"count":1,"href":"https:\/\/www.actualidadadiario.com\/index.php\/wp-json\/wp\/v2\/posts\/58674\/revisions"}],"predecessor-version":[{"id":58675,"href":"https:\/\/www.actualidadadiario.com\/index.php\/wp-json\/wp\/v2\/posts\/58674\/revisions\/58675"}],"wp:featuredmedia":[{"embeddable":true,"href":"https:\/\/www.actualidadadiario.com\/index.php\/wp-json\/wp\/v2\/media\/30907"}],"wp:attachment":[{"href":"https:\/\/www.actualidadadiario.com\/index.php\/wp-json\/wp\/v2\/media?parent=58674"}],"wp:term":[{"taxonomy":"category","embeddable":true,"href":"https:\/\/www.actualidadadiario.com\/index.php\/wp-json\/wp\/v2\/categories?post=58674"},{"taxonomy":"post_tag","embeddable":true,"href":"https:\/\/www.actualidadadiario.com\/index.php\/wp-json\/wp\/v2\/tags?post=58674"}],"curies":[{"name":"wp","href":"https:\/\/api.w.org\/{rel}","templated":true}]}}