{"id":58671,"date":"2020-03-06T10:48:25","date_gmt":"2020-03-06T13:48:25","guid":{"rendered":"https:\/\/www.actualidadadiario.com\/?p=58671"},"modified":"2020-03-06T10:48:25","modified_gmt":"2020-03-06T13:48:25","slug":"nacion-y-provincia-trabajan-en-una-agenda-compartida-en-materia-ambiental","status":"publish","type":"post","link":"https:\/\/www.actualidadadiario.com\/index.php\/2020\/03\/06\/nacion-y-provincia-trabajan-en-una-agenda-compartida-en-materia-ambiental\/","title":{"rendered":"Naci\u00f3n y provincia trabajan en una agenda compartida en materia ambiental"},"content":{"rendered":"<p style=\"text-align: center;\"><em><strong>El gobernador Gustavo Bordet se reuni\u00f3 con el ministro de Ambiente de la Naci\u00f3n, Juan Cabandi\u00e9, para analizar los proyectos de rellenos sanitarios para distintos departamentos entrerrianos. En los pr\u00f3ximos d\u00edas se estar\u00eda publicando el llamando a licitaci\u00f3n del de Concordia<\/strong><\/em><\/p>\n<p>&nbsp;<\/p>\n<p>&nbsp;<\/p>\n<p>El proyecto de relleno sanitario de Concordia se ejecutar\u00e1 en el predio El Abasto, a trav\u00e9s de un cr\u00e9dito que toma la provincia ante el Banco Interamericano de Desarrollo, que ya aprob\u00f3 la obra. Dicha aprobaci\u00f3n permite avanzar hacia el armado del llamado a licitaci\u00f3n.<\/p>\n<p>La obra de Concordia ser\u00e1 administrada en forma conjunta y beneficiar\u00e1 a todos los municipios del departamento, y forma parte del plan provincial de gesti\u00f3n de los residuos s\u00f3lidos urbanos que impulsa la Secretar\u00eda de Ambiente y que prev\u00e9 en una primera etapa la construcci\u00f3n de rellenos en Concordia, Paran\u00e1, La Paz y Col\u00f3n.<\/p>\n<p>Los rellenos beneficiar\u00e1n a unos 580.000 entrerrianos, es decir, el 47 por ciento de la poblaci\u00f3n y permitir\u00e1n dar soluci\u00f3n progresiva a los basurales a cielo abierto.<\/p>\n<p>Del encuentro participaron junto al gobernador, el intendente de Concordia, Alfredo Francolini; el ministro de Producci\u00f3n, Juan Jos\u00e9 Bahillo; y la diputada nacional, Mayda Cresto, y adem\u00e1s de los proyectos de rellenos sanitarios, enmarcados en programa de Gesti\u00f3n Integral de Residuos S\u00f3lidos Urbanos (Girsu), avanzaron en una agenda compartida entre Naci\u00f3n, provincia y municipio en materia ambiental.<\/p>\n<p>Al finalizar, el intendente de Concordia, Alfredo Francolini, explic\u00f3 que el tratamiento del relleno del campo El Abasto &#8220;para nosotros es una obra desde hace ya muchos a\u00f1os planteada y que es una preocupaci\u00f3n para la ciudad, ahora estamos muy cerca del llamado a licitaci\u00f3n de algo muy esperado para todos nosotros, es un paso muy importante&#8221; y anticip\u00f3 que \u201cen los pr\u00f3ximos d\u00edas ya se estar\u00eda publicando el llamando a licitaci\u00f3n\u201d.<\/p>\n<p>En ese sentido, indic\u00f3 que el beneficio es para todo el departamento, &#8220;Concordia est\u00e1 recibiendo entre 180 y 200 toneladas diarias de basura, este tratamiento va a ayudar mucho\u201d.<\/p>\n<p>En ese marco, el ministro de Producci\u00f3n provincial, Juan Jos\u00e9 Bahillo, detall\u00f3 que los proyectos est\u00e1n enmarcados en \u201cun programa de Gesti\u00f3n Integral de Residuos S\u00f3lidos Urbanos que concentra en una obra importante de disposici\u00f3n final los residuos de distintos municipios\u201d. Explic\u00f3 que tienen distintas caracter\u00edsticas, \u201cel de Concordia, hay otro en Paran\u00e1, y despu\u00e9s hay otro en el departamento Col\u00f3n, que comprende seis municipios que han integrado un consorcio y est\u00e1n llevando adelante un proyecto de estas caracter\u00edsticas&#8221;.<\/p>\n<p>Por otra parte, dijo que durante la reuni\u00f3n de trabajo con el ministro nacional, \u201cel gobernador plante\u00f3 algunas otras cuestiones referidas al equipamiento para municipios, y gestiones de un convenio binacional con la Rep\u00fablica Oriental del Uruguay con financiamiento internacional para hacer obras que mejoren las condiciones ambientales en ambas orillas del r\u00edo Uruguay\u201d.<\/p>\n<p>\u201cHay una agenda completa, importante e interesante para trabajar, hoy se avanz\u00f3 en varios puntos y seguiremos gestionando permanentemente\u201d, afirm\u00f3.<\/p>\n<p>Agradeci\u00f3 la &#8220;muy buena predisposici\u00f3n del ministro Cabandi\u00e9 y su equipo de trabajo, &#8220;fueron muy receptivos de las cuestiones que planteamos y con mucha ejecutividad est\u00e1n dando respuesta a estas demandas&#8221;.<\/p>\n<p>Respecto del trabajo articulado en materia ambiental, asegur\u00f3 que es as\u00ed \u201ccomo entendemos deber ser, porque es un tema transversal en la sociedad y en las competencias institucionales, por lo que debe ser trabajado en conjunto entre municipio, provincia y Naci\u00f3n\u201d.<\/p>\n<p>\u201cEst\u00e1 muy buena sincronizaci\u00f3n de pol\u00edticas y sobre todo una mirada y visi\u00f3n compartida de qu\u00e9 pol\u00edticas en ambiente queremos, tanto los intendentes, como el gobernador, los ministros y el Presidente, facilita enormemente el trabajo&#8221;, destac\u00f3 finalmente Bahillo.<\/p>\n","protected":false},"excerpt":{"rendered":"<p>El gobernador Gustavo Bordet se reuni\u00f3 con el ministro de Ambiente de la Naci\u00f3n, Juan Cabandi\u00e9, para analizar los proyectos de rellenos sanitarios para distintos departamentos entrerrianos. En los pr\u00f3ximos d\u00edas se estar\u00eda publicando el llamando a licitaci\u00f3n del de Concordia &nbsp; &nbsp; El proyecto de relleno sanitario de Concordia se ejecutar\u00e1 en el predio El Abasto, a trav\u00e9s de un cr\u00e9dito que toma la provincia ante el Banco Interamericano de Desarrollo, que ya aprob\u00f3 la obra. Dicha aprobaci\u00f3n permite avanzar hacia el armado del llamado a licitaci\u00f3n. La obra&#8230;<\/p>\n","protected":false},"author":3,"featured_media":58672,"comment_status":"closed","ping_status":"closed","sticky":false,"template":"","format":"standard","meta":[],"categories":[9],"tags":[],"_links":{"self":[{"href":"https:\/\/www.actualidadadiario.com\/index.php\/wp-json\/wp\/v2\/posts\/58671"}],"collection":[{"href":"https:\/\/www.actualidadadiario.com\/index.php\/wp-json\/wp\/v2\/posts"}],"about":[{"href":"https:\/\/www.actualidadadiario.com\/index.php\/wp-json\/wp\/v2\/types\/post"}],"author":[{"embeddable":true,"href":"https:\/\/www.actualidadadiario.com\/index.php\/wp-json\/wp\/v2\/users\/3"}],"replies":[{"embeddable":true,"href":"https:\/\/www.actualidadadiario.com\/index.php\/wp-json\/wp\/v2\/comments?post=58671"}],"version-history":[{"count":1,"href":"https:\/\/www.actualidadadiario.com\/index.php\/wp-json\/wp\/v2\/posts\/58671\/revisions"}],"predecessor-version":[{"id":58673,"href":"https:\/\/www.actualidadadiario.com\/index.php\/wp-json\/wp\/v2\/posts\/58671\/revisions\/58673"}],"wp:featuredmedia":[{"embeddable":true,"href":"https:\/\/www.actualidadadiario.com\/index.php\/wp-json\/wp\/v2\/media\/58672"}],"wp:attachment":[{"href":"https:\/\/www.actualidadadiario.com\/index.php\/wp-json\/wp\/v2\/media?parent=58671"}],"wp:term":[{"taxonomy":"category","embeddable":true,"href":"https:\/\/www.actualidadadiario.com\/index.php\/wp-json\/wp\/v2\/categories?post=58671"},{"taxonomy":"post_tag","embeddable":true,"href":"https:\/\/www.actualidadadiario.com\/index.php\/wp-json\/wp\/v2\/tags?post=58671"}],"curies":[{"name":"wp","href":"https:\/\/api.w.org\/{rel}","templated":true}]}}