{"id":58668,"date":"2020-03-05T10:29:08","date_gmt":"2020-03-05T13:29:08","guid":{"rendered":"https:\/\/www.actualidadadiario.com\/?p=58668"},"modified":"2020-03-05T10:29:08","modified_gmt":"2020-03-05T13:29:08","slug":"tension-en-colombia-con-la-onu-por-muerte-de-defensores-de-ddhh","status":"publish","type":"post","link":"https:\/\/www.actualidadadiario.com\/index.php\/2020\/03\/05\/tension-en-colombia-con-la-onu-por-muerte-de-defensores-de-ddhh\/","title":{"rendered":"Tensi\u00f3n en Colombia con la ONU por muerte de defensores de DDHH"},"content":{"rendered":"<p style=\"text-align: center;\"><em><strong>&#8220;Colombia sigue siendo el pa\u00eds con el mayor \u00edndice de asesinatos de personas defensoras de derechos humanos en Am\u00e9rica Latina, en base a los casos recopilados y verificados por las Naciones Unidas&#8221;, revel\u00f3 un informe de ese organismo<\/strong><\/em><\/p>\n<p>&nbsp;<\/p>\n<p>&nbsp;<\/p>\n<p>El estudio fue elaborado por el franc\u00e9s Michel Forst, relator especial sobre la situaci\u00f3n de los defensores de los derechos humanos, presentado este mi\u00e9rcoles en Ginebra (Suiza) y cuestionado poco despu\u00e9s en Bogot\u00e1 por el gobierno de Iv\u00e1n Duque.<\/p>\n<p>En un comunicado, la Canciller\u00eda replic\u00f3 que Bogot\u00e1 reconoc\u00eda &#8220;el papel de la ONU en la promoci\u00f3n de los derechos humanos&#8221;, pero enfatiz\u00f3 en la &#8220;necesidad&#8221; de que sus &#8220;relatores cumplan su importante funci\u00f3n en l\u00ednea con el C\u00f3digo de Conducta adoptado por el Consejo de Derechos Humanos&#8221;.<\/p>\n<p>Con esa advertencia, el gobierno pidi\u00f3 &#8220;establecer hechos sobre la base de informaci\u00f3n objetiva y fidedigna, de fuentes contrastadas debidamente&#8221; y &#8220;tener en cuenta de forma \u00edntegra y oportuna la informaci\u00f3n proporcionada por el Estado&#8221;.<\/p>\n<p>La semana anterior, la administraci\u00f3n Duque tambi\u00e9n carg\u00f3 contra el italiano Alberto Brunori, representante local de la Oficina del Alto Comisionado de la ONU para los Derechos Humanos, que en su informe anual denunci\u00f3 aumento de los asesinatos de defensores sociales y de las masacres en el pa\u00eds.<\/p>\n<p>Bogot\u00e1 refut\u00f3 ese informe y fueron repetidas las frases como &#8220;intromisi\u00f3n&#8221;, &#8220;soberan\u00eda&#8221; y &#8220;sesgo&#8221; por parte del presidente Duque y otros funcionarios que lamentaron que el reporte no exaltara los logros en su pol\u00edtica de paz con seguridad y de pacificaci\u00f3n mediante un enfoque de desarrollo social.<\/p>\n<p>En su informe de hoy, Forst puso al descubierto que no solo las balas acallan a los defensores, sobre ellos tambi\u00e9n se ciernen todo tipo de &#8220;amenazas, ataques, desplazamientos y otras violaciones&#8221; por &#8220;implementar la paz, oponerse a los intereses del crimen organizado, las econom\u00edas ilegales, la corrupci\u00f3n, la tenencia il\u00edcita de la tierra y por proteger sus comunidades&#8221;.<\/p>\n<p>Precis\u00f3 que desde la firma del acuerdo de paz con el grupo guerrillero FARC fueron asesinados 323 defensores en un &#8220;contexto de altos \u00edndices de impunidad&#8221;.<\/p>\n<p>El reporte destac\u00f3 que tanto el Presidente como otros &#8220;funcionarios de alto nivel&#8221; reconocen el &#8220;papel&#8221; de los defensores, pero lament\u00f3 que otros &#8220;dirigentes pol\u00edticos, funcionarios p\u00fablicos, personas influyentes&#8221; los estigmaticen se\u00f1al\u00e1ndolos de &#8220;guerrilleros&#8221;, &#8220;terroristas&#8221;, &#8220;antidesarrollo&#8221; o &#8220;informantes&#8221;.<\/p>\n<p>Agreg\u00f3 que la &#8220;deslegitimaci\u00f3n de las personas defensoras se agrava con su criminalizaci\u00f3n&#8221; y lament\u00f3 adem\u00e1s que a algunos de ellos se les acuse o judicialice sobre la base de pertenecer a grupos armados ilegales.<\/p>\n<p>Frente a este tema, Canciller\u00eda consider\u00f3 como una &#8220;acusaci\u00f3n inadmisible&#8221; la &#8220;supuesta criminalizaci\u00f3n estatal de los defensores de Derechos Humanos en Colombia&#8221;, puesto que &#8220;desconoce nuestras garant\u00edas y ordenamientos constitucionales y legales en procesos administrativos y judiciales&#8221;.<\/p>\n<p>Todo este asunto coincidi\u00f3 con los dichos lanzados en la v\u00edspera por la ministra de Interior, Alicia Arango, quien asegur\u00f3 en un acto p\u00fablico con l\u00edderes sociales que &#8220;aqu\u00ed mueren m\u00e1s personas por robo de celulares que por ser defensores de derechos humanos&#8221;.<\/p>\n<p>Este mi\u00e9rcoles Arango se ratific\u00f3 en su afirmaci\u00f3n y asegur\u00f3 que no pedir\u00e1 &#8220;disculpas&#8221; y &#8220;sigo firme en que Colombia tiene que darle una mirada a la seguridad ciudadana tambi\u00e9n, eso no le quita la importancia a lo otro&#8221;.<\/p>\n<p>El informe del relator especial tambi\u00e9n manifest\u00f3 preocupaci\u00f3n por la aparente conexi\u00f3n entre una petrolera extranjera y la estatal Ecopetrol con el Ej\u00e9rcito, la Fiscal\u00eda y el Ministerio de Defensa mediante convenios econ\u00f3micos para asegurarse protecci\u00f3n o para reforzar labores de investigaci\u00f3n en temas como el bloqueo de v\u00edas. Al respecto, el gobierno dijo que &#8220;las versiones sobre empresas estatales y privadas que presuntamente intimidan, criminalizan o estigmatizan a defensores, y la supuesta connivencia de cuerpos de seguridad estatales con grupos ilegales&#8221; son &#8220;afirmaciones graves que se lanzan sin sustento en investigaciones verificadas&#8221;.<\/p>\n<p>Para Guillermo Fern\u00e1ndez de Soto, embajador ante la ONU, el informe de Forst &#8220;es una especie de media verdad, porque presenta cosas que no est\u00e1n comprobadas con fuentes veraces&#8221;, ni acude a &#8220;cifras oficiales&#8221; y el &#8220;gobierno est\u00e1 en todo su derecho de hacer estas observaciones, de manera respetuosa y puntual&#8221;.<\/p>\n","protected":false},"excerpt":{"rendered":"<p>&#8220;Colombia sigue siendo el pa\u00eds con el mayor \u00edndice de asesinatos de personas defensoras de derechos humanos en Am\u00e9rica Latina, en base a los casos recopilados y verificados por las Naciones Unidas&#8221;, revel\u00f3 un informe de ese organismo &nbsp; &nbsp; El estudio fue elaborado por el franc\u00e9s Michel Forst, relator especial sobre la situaci\u00f3n de los defensores de los derechos humanos, presentado este mi\u00e9rcoles en Ginebra (Suiza) y cuestionado poco despu\u00e9s en Bogot\u00e1 por el gobierno de Iv\u00e1n Duque. En un comunicado, la Canciller\u00eda replic\u00f3 que Bogot\u00e1 reconoc\u00eda &#8220;el papel&#8230;<\/p>\n","protected":false},"author":3,"featured_media":58669,"comment_status":"closed","ping_status":"closed","sticky":false,"template":"","format":"standard","meta":[],"categories":[4],"tags":[],"_links":{"self":[{"href":"https:\/\/www.actualidadadiario.com\/index.php\/wp-json\/wp\/v2\/posts\/58668"}],"collection":[{"href":"https:\/\/www.actualidadadiario.com\/index.php\/wp-json\/wp\/v2\/posts"}],"about":[{"href":"https:\/\/www.actualidadadiario.com\/index.php\/wp-json\/wp\/v2\/types\/post"}],"author":[{"embeddable":true,"href":"https:\/\/www.actualidadadiario.com\/index.php\/wp-json\/wp\/v2\/users\/3"}],"replies":[{"embeddable":true,"href":"https:\/\/www.actualidadadiario.com\/index.php\/wp-json\/wp\/v2\/comments?post=58668"}],"version-history":[{"count":1,"href":"https:\/\/www.actualidadadiario.com\/index.php\/wp-json\/wp\/v2\/posts\/58668\/revisions"}],"predecessor-version":[{"id":58670,"href":"https:\/\/www.actualidadadiario.com\/index.php\/wp-json\/wp\/v2\/posts\/58668\/revisions\/58670"}],"wp:featuredmedia":[{"embeddable":true,"href":"https:\/\/www.actualidadadiario.com\/index.php\/wp-json\/wp\/v2\/media\/58669"}],"wp:attachment":[{"href":"https:\/\/www.actualidadadiario.com\/index.php\/wp-json\/wp\/v2\/media?parent=58668"}],"wp:term":[{"taxonomy":"category","embeddable":true,"href":"https:\/\/www.actualidadadiario.com\/index.php\/wp-json\/wp\/v2\/categories?post=58668"},{"taxonomy":"post_tag","embeddable":true,"href":"https:\/\/www.actualidadadiario.com\/index.php\/wp-json\/wp\/v2\/tags?post=58668"}],"curies":[{"name":"wp","href":"https:\/\/api.w.org\/{rel}","templated":true}]}}