{"id":58656,"date":"2020-03-05T10:26:21","date_gmt":"2020-03-05T13:26:21","guid":{"rendered":"https:\/\/www.actualidadadiario.com\/?p=58656"},"modified":"2020-03-05T10:26:21","modified_gmt":"2020-03-05T13:26:21","slug":"nuevos-detenidos-nuevas-movilizaciones-en-chile","status":"publish","type":"post","link":"https:\/\/www.actualidadadiario.com\/index.php\/2020\/03\/05\/nuevos-detenidos-nuevas-movilizaciones-en-chile\/","title":{"rendered":"Nuevos detenidos, nuevas movilizaciones en Chile"},"content":{"rendered":"<p style=\"text-align: center;\"><em><strong>Tambi\u00e9n empezaron las clases en todo Chile con movilizaciones de estudiantes secundarios. Reclaman que se termine con la mercantilizaci\u00f3n de la educaci\u00f3n<\/strong><\/em><\/p>\n<p>&nbsp;<\/p>\n<p>&nbsp;<\/p>\n<p>Un total de 62 manifestantes fueron detenidos anoche por la polic\u00eda chilena en la tradicional Plaza Italia, centro de las protestas en Santiago. Seg\u00fan las autoridades chilenas buena parte de ellos forma parte de la denominada \u201cprimera l\u00ednea\u201d, un grupo encargado de contener la represi\u00f3n policial. Entre los detenidos hab\u00eda ni\u00f1os y adolescentes por lo que la fiscal\u00eda abri\u00f3 una investigaci\u00f3n. Tamb\u00eden el mi\u00e9rcoles empezaron las clases en todo el pa\u00eds con movilizaciones de estudiantes secundarios. Reclaman que se termine con la mercantilizaci\u00f3n de la educaci\u00f3n.<\/p>\n<p>&nbsp;<\/p>\n<p><strong>La &#8220;primera l\u00ednea&#8221; en la mira de carabineros<\/strong><\/p>\n<p>Seg\u00fan la polic\u00eda chilena los manifestantes intentaron bloquear las calles cercanas a Plaza Italia. La confirmaci\u00f3n de las detenciones la hizo la propia jefatura de Carabineros. &#8220;Son delincuentes, son personas que estaban lanzando piedras, lanzando objetos contundentes a Carabineros con intenci\u00f3n de da\u00f1arlos, estaban da\u00f1ando el entorno y quit\u00e1ndoles el derecho a vivir en paz y tranquilidad a nuestros vecinos\u201d, dijo el portavoz policial, general Mauricio Rodr\u00edguez. Tambi\u00e9n inform\u00f3 que los detenidos son integrantes de la \u201cprimera linea\u201d del movimiento social, encargados de contener a los uniformados para evitar que avancen hacia las manifestaciones. Rodr\u00edguez hizo referencia a nuevas estrategias que est\u00e1n llevando a cabo desde Carabineros. Entre esas acciones est\u00e1n las de hacer inteligencia y detener a los manifestantes de esos grupos.<\/p>\n<p>Dentro del grupo de detenidos hubo 16 menores de edad. Familiares de algunos de ellos afirmaron que no forman parte de ning\u00fan colectivo de protesta. \u201cDejo s\u00faper en claro que \u00e9l no pertenece a la \u2018primera l\u00ednea\u2019, ni nada que tenga que ver con concentraciones de ese tipo\u201d, dijo Jaime, el pap\u00e1 de uno de los detenidos, a la emisora La Radio de Chile. El hombre asegur\u00f3 que su hijo sal\u00eda del colegio cuando fue sorprendido junto a un amigo por las fuerzas policiales. A su vez asegur\u00f3 que habl\u00f3 con padres de otros menores detenidos, quienes les mencionado que sus hijos tampoco estaban participando de la protesta. Uno de los menores cont\u00f3 su versi\u00f3n de los hechos al sitio BioBioChile. \u201cEstaba en la marcha, pero solo estaba viendo pac\u00edficamente. Como el guanaco (hidrante) corri\u00f3 y tir\u00f3 agua, todos tuvimos que correr (\u2026). Como me vieron correr, me agarraron no m\u00e1s\u201d, dijo el adolescente.<\/p>\n<p>La fiscal\u00eda chilena inici\u00f3 una investigaci\u00f3n por los hechos. Durante la jornada del mi\u00e9rcoles los 62 detenidos fueron a declarar ante la justicia chilena. El S\u00e9ptimo Tribunal de Garant\u00eda de Santiago determin\u00f3 dejar en libertad a los menos y sin medidas cautelares. Sin embargo seguir\u00e1n siendo investigados. Por su parte, el ministerio del Interior chileno present\u00f3 una querella contra todos los detenidos por el delito de des\u00f3rden p\u00fablico. Entre las medidas solicitadas por el ministerio est\u00e1 la de tomar declaraci\u00f3n a los funcionarios policiales que participaron en los procedimientos. Adem\u00e1s pedir\u00e1 un relevamiento de la totalidad de las c\u00e1maras de seguridad ubicadas en la zona.<\/p>\n<p>El intendente de la regi\u00f3n Metropolitana, Felipe Guevara, inform\u00f3 que todos los detenidos formaban parte de las manifestaciones. \u201cCarabineros y la PDI van a ir generando estrategias de acuerdo a las circunstancias. Cuando hay personas que esconden escudos u otros elementos en el parque, entonces vamos a ir por ellos. Si hay personas que atacan a Carabineros vamos a ir a detenerlos\u201d, manifest\u00f3 Guevara. El intendente tambi\u00e9n inform\u00f3 que durante la madrugada continuaron los procedimientos en distintas plazas y parques de las comunas de Providencia, Santiago y Estaci\u00f3n Central. All\u00ed incaut\u00f3 material usado en los enfrentamientos con Carabineros y detuvieron a otras dos personas, seg\u00fan informa el portal BioBioChile.<\/p>\n<p>&nbsp;<\/p>\n<p><strong>Inicio de clases con protestas de estudiantes<\/strong><\/p>\n<p>Este mi\u00e9rcoles m\u00e1s de 620.000 estudiantes retomaron las clases en todo el pa\u00eds. El inicio del ciclo lectivo fue elegido por los estudiantes de secundarios para organizar nuevas marchas. Decenas de adolescentes, algunos provenientes del emblem\u00e1tico Instituto Nacional, cortaron el tr\u00e1nsito en la Alameda, la principal avenida de Santiago. Para impedir el tr\u00e1fico los estudiantes usaron vallas dispuestas por Carabineros en el lugar.<\/p>\n<p>Tambi\u00e9n organizaron sentadas en el and\u00e9n de varias estaciones del metro de la capital, reviviendo las jornadas de octubre pasado que dieron inicio a las hist\u00f3ricas protestas. Las autoridades del subte tuvieron a cerrar algunas estaciones. Los estudiantes reclaman contra la mercantilizaci\u00f3n de la educaci\u00f3n que los obliga a endeudarse para poder estudiar. El intendente de la Regi\u00f3n Metropolitana indic\u00f3 que no hubo detenidos.<\/p>\n<p>Para los pr\u00f3ximos d\u00edas se prev\u00e9n m\u00e1s marchas y manifestaciones. Y no s\u00f3lo de los estudiantes. Colectivos de mujeres convocaron a marchar el 8 de marzo, en el marco del d\u00eda de la mujer. Al d\u00eda siguiente se organizar\u00e1 un paro de mujeres. El 15 de marzo habr\u00e1 una marcha por el medio ambiente. En tanto que el 20 de este mes la comunidad mapuche se movilizar\u00e1 en varios puntos del pa\u00eds. Habr\u00e1 una marcha nacional por la vivienda el 23 de marzo. Y se espera una gran movilizaci\u00f3n el 31 contra el sistema de pensiones. \u201cNo m\u00e1s AFP\u201d es el nombre del evento y un grito que se repite en las marchas que no cesan en todo Chile.<\/p>\n","protected":false},"excerpt":{"rendered":"<p>Tambi\u00e9n empezaron las clases en todo Chile con movilizaciones de estudiantes secundarios. Reclaman que se termine con la mercantilizaci\u00f3n de la educaci\u00f3n &nbsp; &nbsp; Un total de 62 manifestantes fueron detenidos anoche por la polic\u00eda chilena en la tradicional Plaza Italia, centro de las protestas en Santiago. Seg\u00fan las autoridades chilenas buena parte de ellos forma parte de la denominada \u201cprimera l\u00ednea\u201d, un grupo encargado de contener la represi\u00f3n policial. Entre los detenidos hab\u00eda ni\u00f1os y adolescentes por lo que la fiscal\u00eda abri\u00f3 una investigaci\u00f3n. Tamb\u00eden el mi\u00e9rcoles empezaron las&#8230;<\/p>\n","protected":false},"author":3,"featured_media":58657,"comment_status":"closed","ping_status":"closed","sticky":false,"template":"","format":"standard","meta":[],"categories":[4],"tags":[],"_links":{"self":[{"href":"https:\/\/www.actualidadadiario.com\/index.php\/wp-json\/wp\/v2\/posts\/58656"}],"collection":[{"href":"https:\/\/www.actualidadadiario.com\/index.php\/wp-json\/wp\/v2\/posts"}],"about":[{"href":"https:\/\/www.actualidadadiario.com\/index.php\/wp-json\/wp\/v2\/types\/post"}],"author":[{"embeddable":true,"href":"https:\/\/www.actualidadadiario.com\/index.php\/wp-json\/wp\/v2\/users\/3"}],"replies":[{"embeddable":true,"href":"https:\/\/www.actualidadadiario.com\/index.php\/wp-json\/wp\/v2\/comments?post=58656"}],"version-history":[{"count":1,"href":"https:\/\/www.actualidadadiario.com\/index.php\/wp-json\/wp\/v2\/posts\/58656\/revisions"}],"predecessor-version":[{"id":58658,"href":"https:\/\/www.actualidadadiario.com\/index.php\/wp-json\/wp\/v2\/posts\/58656\/revisions\/58658"}],"wp:featuredmedia":[{"embeddable":true,"href":"https:\/\/www.actualidadadiario.com\/index.php\/wp-json\/wp\/v2\/media\/58657"}],"wp:attachment":[{"href":"https:\/\/www.actualidadadiario.com\/index.php\/wp-json\/wp\/v2\/media?parent=58656"}],"wp:term":[{"taxonomy":"category","embeddable":true,"href":"https:\/\/www.actualidadadiario.com\/index.php\/wp-json\/wp\/v2\/categories?post=58656"},{"taxonomy":"post_tag","embeddable":true,"href":"https:\/\/www.actualidadadiario.com\/index.php\/wp-json\/wp\/v2\/tags?post=58656"}],"curies":[{"name":"wp","href":"https:\/\/api.w.org\/{rel}","templated":true}]}}