{"id":58653,"date":"2020-03-05T10:25:34","date_gmt":"2020-03-05T13:25:34","guid":{"rendered":"https:\/\/www.actualidadadiario.com\/?p=58653"},"modified":"2020-03-05T10:25:34","modified_gmt":"2020-03-05T13:25:34","slug":"en-el-mundo-aumentan-los-casos-de-coronavirus-y-en-china-se-desaceleran","status":"publish","type":"post","link":"https:\/\/www.actualidadadiario.com\/index.php\/2020\/03\/05\/en-el-mundo-aumentan-los-casos-de-coronavirus-y-en-china-se-desaceleran\/","title":{"rendered":"En el mundo aumentan los casos de coronavirus y en China se desaceleran"},"content":{"rendered":"<p style=\"text-align: center;\"><em><strong>Desde el 21 de enero, cuando se registraron los primeros casos del virus Convid-19, la propagaci\u00f3n aument\u00f3 en el epicentro Wuhan. Sin embargo, la tendencia decreci\u00f3 en esa zona de China y actualmente en otros pa\u00edses de los 5 continentes comienzan a mostrar signos de propagaci\u00f3n de la epidemia del a\u00f1o 2020<\/strong><\/em><\/p>\n<p>&nbsp;<\/p>\n<p>&nbsp;<\/p>\n<p>Desde el 21 de enero donde se registraron seg\u00fan la Universidad Johns Hopkins de la ciudad americana de Baltimore, la cual constat\u00f3 los primeros 25 casos del virus, sufri\u00f3 diferentes alteraciones.<\/p>\n<p>&nbsp;<\/p>\n<p><strong>En el mundo:<\/strong><\/p>\n<p>En los primeros 29 d\u00edas de la enfermedad que mantiene en vilo al planeta alcanz\u00f3 los mil casos alrededor del mundo, exento China. A partir de ah\u00ed, la escalada fue en aumento.<\/p>\n<p>Desde el 21 de febrero se registraron una suma diaria de 3 mil diarios, en una primera escalada de casos que comenzaron a crecer.<\/p>\n<p>Para el 27 y 28 la cifra aument\u00f3 en casi 1400 enfermos en los 5 continentes, salvo China y el crecimiento fue camino a su m\u00e1ximo n\u00famero.<\/p>\n<p>Finalmente, desde el 2 y hasta el 3 de marzo el n\u00famero super\u00f3 los 2400 donde ya, por ejemplo, la Argentina fue uno de los pa\u00edses donde lleg\u00f3 el virus, con 10 en Latinoam\u00e9rica.<\/p>\n<p>&nbsp;<\/p>\n<p><strong>En China:<\/strong><\/p>\n<p>Mientras desde el 20 al 23 de enero se registraron casi un promedio de 200 casos, a partir del 1 de febrero los infectados por el CONVID-19 pasaron a ser de 1600 diarios.<\/p>\n<p>Sin embargo, el 11 de febrero las infecciones pasaron a 3 mil diarias, lo que ya desde la Organizaci\u00f3n Mundial de la Salud estudiaba declararla como epidemia.<\/p>\n<p>Entre el 12 y el 13, si bien se promedi\u00f3 15 mil infectados, sumando desde el 12 al 14 casi 22 mil, es uno los altos n\u00fameros de la enfermedad.<\/p>\n<p>Por \u00faltimo, con la epidemia declarada por la OMS los casos fueron disminuyendo desde el 18 de febrero al 4 de marzo la cantidad de enfermos decreci\u00f3 de 300 d\u00eda a 100 diarios, con 2981 personas muertas en total.<\/p>\n","protected":false},"excerpt":{"rendered":"<p>Desde el 21 de enero, cuando se registraron los primeros casos del virus Convid-19, la propagaci\u00f3n aument\u00f3 en el epicentro Wuhan. Sin embargo, la tendencia decreci\u00f3 en esa zona de China y actualmente en otros pa\u00edses de los 5 continentes comienzan a mostrar signos de propagaci\u00f3n de la epidemia del a\u00f1o 2020 &nbsp; &nbsp; Desde el 21 de enero donde se registraron seg\u00fan la Universidad Johns Hopkins de la ciudad americana de Baltimore, la cual constat\u00f3 los primeros 25 casos del virus, sufri\u00f3 diferentes alteraciones. &nbsp; En el mundo: En&#8230;<\/p>\n","protected":false},"author":3,"featured_media":58654,"comment_status":"closed","ping_status":"closed","sticky":false,"template":"","format":"standard","meta":[],"categories":[4],"tags":[],"_links":{"self":[{"href":"https:\/\/www.actualidadadiario.com\/index.php\/wp-json\/wp\/v2\/posts\/58653"}],"collection":[{"href":"https:\/\/www.actualidadadiario.com\/index.php\/wp-json\/wp\/v2\/posts"}],"about":[{"href":"https:\/\/www.actualidadadiario.com\/index.php\/wp-json\/wp\/v2\/types\/post"}],"author":[{"embeddable":true,"href":"https:\/\/www.actualidadadiario.com\/index.php\/wp-json\/wp\/v2\/users\/3"}],"replies":[{"embeddable":true,"href":"https:\/\/www.actualidadadiario.com\/index.php\/wp-json\/wp\/v2\/comments?post=58653"}],"version-history":[{"count":1,"href":"https:\/\/www.actualidadadiario.com\/index.php\/wp-json\/wp\/v2\/posts\/58653\/revisions"}],"predecessor-version":[{"id":58655,"href":"https:\/\/www.actualidadadiario.com\/index.php\/wp-json\/wp\/v2\/posts\/58653\/revisions\/58655"}],"wp:featuredmedia":[{"embeddable":true,"href":"https:\/\/www.actualidadadiario.com\/index.php\/wp-json\/wp\/v2\/media\/58654"}],"wp:attachment":[{"href":"https:\/\/www.actualidadadiario.com\/index.php\/wp-json\/wp\/v2\/media?parent=58653"}],"wp:term":[{"taxonomy":"category","embeddable":true,"href":"https:\/\/www.actualidadadiario.com\/index.php\/wp-json\/wp\/v2\/categories?post=58653"},{"taxonomy":"post_tag","embeddable":true,"href":"https:\/\/www.actualidadadiario.com\/index.php\/wp-json\/wp\/v2\/tags?post=58653"}],"curies":[{"name":"wp","href":"https:\/\/api.w.org\/{rel}","templated":true}]}}