{"id":58650,"date":"2020-03-05T10:24:34","date_gmt":"2020-03-05T13:24:34","guid":{"rendered":"https:\/\/www.actualidadadiario.com\/?p=58650"},"modified":"2020-03-05T10:24:34","modified_gmt":"2020-03-05T13:24:34","slug":"desclasifican-los-archivos-de-la-amia-y-limitan-el-poder-de-la-afi","status":"publish","type":"post","link":"https:\/\/www.actualidadadiario.com\/index.php\/2020\/03\/05\/desclasifican-los-archivos-de-la-amia-y-limitan-el-poder-de-la-afi\/","title":{"rendered":"Desclasifican los archivos de la AMIA y limitan el poder de la AFI"},"content":{"rendered":"<p style=\"text-align: center;\"><em><strong>Las medidas hab\u00eda anticipadas por el Presidente en la apertura de sesiones. El Gobierno pidi\u00f3 la totalidad de la informaci\u00f3n de las audiencias de los juicios realizados por el atentado a la mutual jud\u00eda. Adem\u00e1s, se le prohibi\u00f3 a la agencia de inteligencia la intromisi\u00f3n a realizar tareas represivas<\/strong><\/em><\/p>\n<p>&nbsp;<\/p>\n<p>&nbsp;<\/p>\n<p>&nbsp;<\/p>\n<p>A m\u00e1s de 26 a\u00f1os de atentado a la Asociaci\u00f3n Mutual Israel &#8211; Argentina ( AMIA), el gobierno efectiviz\u00f3 este mi\u00e9rcoles la desclasificaci\u00f3n de los archivos relacionados a la causa judicial, al tiempo que limit\u00f3 por medio de un DNU el accionar de la Agencia Federal de Inteligencia ( AFI).<\/p>\n<p>El decreto 213\/2020 publicado en el Bolet\u00edn Oficial otorga de &#8220;car\u00e1cter p\u00fablico&#8221; la documentaci\u00f3n producida en diversas dependencias estatales, en particular la AFI, legajos de investigaci\u00f3n y la totalidad de la informaci\u00f3n de las audiencias de los juicios realizados.<\/p>\n<p>En este sentido, el decreto ordena la creaci\u00f3n de una mesa de di\u00e1logo, en la que confluir\u00e1n distintos organismos estatales y de la sociedad civil que tendr\u00e1 como fin monitorear el acceso a toda informaci\u00f3n y garantizar el &#8220;derecho a la verdad&#8221;.<\/p>\n<p>La resoluci\u00f3n, anunciada por el Presidente en su discurso inaugural de apertura de sesiones, busca impulsar un &#8220;proceso de transparencia y publicidad&#8221; en el manejo de informaci\u00f3n existente en el \u00e1mbito estatal y poner fin a los &#8220;obst\u00e1culos persistentes&#8221; para un acceso pleno al derecho a la informaci\u00f3n por parte de las v\u00edctimas y familiares del atentado ocurrido en el a\u00f1o 1994.<\/p>\n<p>Adem\u00e1s, el gobierno avanz\u00f3 sobre las limitaciones a la Agencia de inteligencia estatal. De esta forma, se le proh\u00edbe la intromisi\u00f3n a realizar tareas represivas, poseer facultades compulsivas ni cumplir funciones policiales o de investigaci\u00f3n criminal, seg\u00fan detalla el Decreto de Necesidad de Urgencia N\u00b0 214\/2020.<\/p>\n<p>&#8220;Ha existido un resquicio legal, que permiti\u00f3 generar y retroalimentar v\u00ednculos espurios desarrollados entre organismos de inteligencia y algunos sectores del sistema de justicia, franqueando la participaci\u00f3n de aqu\u00e9llos en funciones totalmente ajenas a sus verdaderas \u00e1reas de incumbencia&#8221;, sentencia la resoluci\u00f3n y agrega que como consecuencia &#8220;se ha actuado como un componente corrosivo frente a la legitimidad institucional de nuestra democracia&#8221;.<\/p>\n<p>Estas limitaciones se dan en el marco de la intervenci\u00f3n por 180 d\u00edas por parte del Gobierno de Fern\u00e1ndez en diciembre encabezada por Cristina Caama\u00f1o, despu\u00e9s de denunciar el uso &#8220;por fuera de objetivos leg\u00edtimos&#8221; que toda actividad de inteligencia debe poseer en el marco del estado constitucional de Derecho, durante la gesti\u00f3n de Mauricio Macri.<\/p>\n","protected":false},"excerpt":{"rendered":"<p>Las medidas hab\u00eda anticipadas por el Presidente en la apertura de sesiones. El Gobierno pidi\u00f3 la totalidad de la informaci\u00f3n de las audiencias de los juicios realizados por el atentado a la mutual jud\u00eda. Adem\u00e1s, se le prohibi\u00f3 a la agencia de inteligencia la intromisi\u00f3n a realizar tareas represivas &nbsp; &nbsp; &nbsp; A m\u00e1s de 26 a\u00f1os de atentado a la Asociaci\u00f3n Mutual Israel &#8211; Argentina ( AMIA), el gobierno efectiviz\u00f3 este mi\u00e9rcoles la desclasificaci\u00f3n de los archivos relacionados a la causa judicial, al tiempo que limit\u00f3 por medio de&#8230;<\/p>\n","protected":false},"author":3,"featured_media":58651,"comment_status":"closed","ping_status":"closed","sticky":false,"template":"","format":"standard","meta":[],"categories":[18],"tags":[],"_links":{"self":[{"href":"https:\/\/www.actualidadadiario.com\/index.php\/wp-json\/wp\/v2\/posts\/58650"}],"collection":[{"href":"https:\/\/www.actualidadadiario.com\/index.php\/wp-json\/wp\/v2\/posts"}],"about":[{"href":"https:\/\/www.actualidadadiario.com\/index.php\/wp-json\/wp\/v2\/types\/post"}],"author":[{"embeddable":true,"href":"https:\/\/www.actualidadadiario.com\/index.php\/wp-json\/wp\/v2\/users\/3"}],"replies":[{"embeddable":true,"href":"https:\/\/www.actualidadadiario.com\/index.php\/wp-json\/wp\/v2\/comments?post=58650"}],"version-history":[{"count":1,"href":"https:\/\/www.actualidadadiario.com\/index.php\/wp-json\/wp\/v2\/posts\/58650\/revisions"}],"predecessor-version":[{"id":58652,"href":"https:\/\/www.actualidadadiario.com\/index.php\/wp-json\/wp\/v2\/posts\/58650\/revisions\/58652"}],"wp:featuredmedia":[{"embeddable":true,"href":"https:\/\/www.actualidadadiario.com\/index.php\/wp-json\/wp\/v2\/media\/58651"}],"wp:attachment":[{"href":"https:\/\/www.actualidadadiario.com\/index.php\/wp-json\/wp\/v2\/media?parent=58650"}],"wp:term":[{"taxonomy":"category","embeddable":true,"href":"https:\/\/www.actualidadadiario.com\/index.php\/wp-json\/wp\/v2\/categories?post=58650"},{"taxonomy":"post_tag","embeddable":true,"href":"https:\/\/www.actualidadadiario.com\/index.php\/wp-json\/wp\/v2\/tags?post=58650"}],"curies":[{"name":"wp","href":"https:\/\/api.w.org\/{rel}","templated":true}]}}