{"id":58647,"date":"2020-03-05T10:23:50","date_gmt":"2020-03-05T13:23:50","guid":{"rendered":"https:\/\/www.actualidadadiario.com\/?p=58647"},"modified":"2020-03-05T10:23:50","modified_gmt":"2020-03-05T13:23:50","slug":"massa-se-reunio-con-bolsonaro-para-encaminar-la-reconciliacion-con-alberto","status":"publish","type":"post","link":"https:\/\/www.actualidadadiario.com\/index.php\/2020\/03\/05\/massa-se-reunio-con-bolsonaro-para-encaminar-la-reconciliacion-con-alberto\/","title":{"rendered":"Massa se reuni\u00f3 con Bolsonaro para encaminar la reconciliaci\u00f3n con Alberto"},"content":{"rendered":"<p style=\"text-align: center;\"><em><strong>Se vieron en Planalto. &#8220;Quiero que Brasil y Argentina tengan una excelente relaci\u00f3n&#8221;, dijo el mandatario brasile\u00f1o<\/strong><\/em><\/p>\n<p>&nbsp;<\/p>\n<p>&nbsp;<\/p>\n<p>Sergio Massa fue recibido por el presidente de Brasil, Jair Bolsonaro, que le envi\u00f3 un gui\u00f1o al gobierno de Alberto Fern\u00e1ndez luego de varios meses de una relaci\u00f3n tensa.<\/p>\n<p>&#8220;Quiero que Brasil y Argentina tengan una excelente relaci\u00f3n&#8221;, dijo el brasile\u00f1o seg\u00fan relat\u00f3 el presidente de la C\u00e1mara de Diputados en una conferencia de prensa tras el encuentro en el Palacio de Planalto.<\/p>\n<p>Mientras Daniel Scioli espera ser designado formalmente como el embajador argentino en Brasil, tras la pol\u00e9mica que se gener\u00f3 la semana pasada cuando ofici\u00f3 como diputado nacional, Massa emprendi\u00f3 la visita oficial con varios encuentros programados.<\/p>\n<p>&#8220;Bolsonaro me manifest\u00f3 su deseo de trabajar juntos&#8221;, sostuvo Massa. El tigrense afirm\u00f3 que el objetivo es profundizar la relaci\u00f3n entre los dos pa\u00edses e ir &#8220;de la mano y en bloque&#8221; a negociar con la Uni\u00f3n Europea (UE).<\/p>\n<p>&#8220;Nuestro deseo en avanzar en la consolidaci\u00f3n del Mercosur, como paso previo al acuerdo con la Uni\u00f3n Europea&#8221;, se\u00f1al\u00f3 el titular de la C\u00e1mara baja.<\/p>\n<p>En tanto, subray\u00f3 que el objetivo es ir &#8220;de la mano y en bloque&#8221; con Brasil, para que ambos pa\u00edses &#8220;tengan la capacidad de disputar&#8221; con &#8220;los grandes sectores productores de alimentos del bloque europeo&#8221;, que ponen trabas a la exportaci\u00f3n regional.<\/p>\n<p>La relaci\u00f3n entre Fern\u00e1ndez y Bolsonaro fue tensa desde un principio. Alberto visit\u00f3 a Lula mientras estaba en la c\u00e1rcel y Bolsonaro hizo campa\u00f1a abierta por Mauricio Macri. Augur\u00f3 que las fronteras brasile\u00f1as se llenar\u00edan de emigrantes argentinos si el peronismo volv\u00eda al poder.<\/p>\n<p>El v\u00ednculo no mejor\u00f3 despu\u00e9s de la asunci\u00f3n de Fern\u00e1ndez pero la visita de Sol\u00e1 a Planalto, donde fue recibido por Bolsonaro pareci\u00f3 un cambio de rumbo. Incluso se habl\u00f3 de la posibilidad de que Brasil apoyara a la Argentina en la renegociaci\u00f3n de la deuda.<\/p>\n<p>De inmediato se habl\u00f3 de una invitaci\u00f3n para charlar despu\u00e9s de la asunci\u00f3n de Luis Lacalle Pou en Montevideo. Pero Alberto declin\u00f3 el convite y se excus\u00f3 en que coincidir\u00eda con la inauguraci\u00f3n de las sesiones del Congreso.<\/p>\n","protected":false},"excerpt":{"rendered":"<p>Se vieron en Planalto. &#8220;Quiero que Brasil y Argentina tengan una excelente relaci\u00f3n&#8221;, dijo el mandatario brasile\u00f1o &nbsp; &nbsp; Sergio Massa fue recibido por el presidente de Brasil, Jair Bolsonaro, que le envi\u00f3 un gui\u00f1o al gobierno de Alberto Fern\u00e1ndez luego de varios meses de una relaci\u00f3n tensa. &#8220;Quiero que Brasil y Argentina tengan una excelente relaci\u00f3n&#8221;, dijo el brasile\u00f1o seg\u00fan relat\u00f3 el presidente de la C\u00e1mara de Diputados en una conferencia de prensa tras el encuentro en el Palacio de Planalto. Mientras Daniel Scioli espera ser designado formalmente como&#8230;<\/p>\n","protected":false},"author":3,"featured_media":58648,"comment_status":"closed","ping_status":"closed","sticky":false,"template":"","format":"standard","meta":[],"categories":[18],"tags":[],"_links":{"self":[{"href":"https:\/\/www.actualidadadiario.com\/index.php\/wp-json\/wp\/v2\/posts\/58647"}],"collection":[{"href":"https:\/\/www.actualidadadiario.com\/index.php\/wp-json\/wp\/v2\/posts"}],"about":[{"href":"https:\/\/www.actualidadadiario.com\/index.php\/wp-json\/wp\/v2\/types\/post"}],"author":[{"embeddable":true,"href":"https:\/\/www.actualidadadiario.com\/index.php\/wp-json\/wp\/v2\/users\/3"}],"replies":[{"embeddable":true,"href":"https:\/\/www.actualidadadiario.com\/index.php\/wp-json\/wp\/v2\/comments?post=58647"}],"version-history":[{"count":1,"href":"https:\/\/www.actualidadadiario.com\/index.php\/wp-json\/wp\/v2\/posts\/58647\/revisions"}],"predecessor-version":[{"id":58649,"href":"https:\/\/www.actualidadadiario.com\/index.php\/wp-json\/wp\/v2\/posts\/58647\/revisions\/58649"}],"wp:featuredmedia":[{"embeddable":true,"href":"https:\/\/www.actualidadadiario.com\/index.php\/wp-json\/wp\/v2\/media\/58648"}],"wp:attachment":[{"href":"https:\/\/www.actualidadadiario.com\/index.php\/wp-json\/wp\/v2\/media?parent=58647"}],"wp:term":[{"taxonomy":"category","embeddable":true,"href":"https:\/\/www.actualidadadiario.com\/index.php\/wp-json\/wp\/v2\/categories?post=58647"},{"taxonomy":"post_tag","embeddable":true,"href":"https:\/\/www.actualidadadiario.com\/index.php\/wp-json\/wp\/v2\/tags?post=58647"}],"curies":[{"name":"wp","href":"https:\/\/api.w.org\/{rel}","templated":true}]}}