{"id":58641,"date":"2020-03-05T10:22:29","date_gmt":"2020-03-05T13:22:29","guid":{"rendered":"https:\/\/www.actualidadadiario.com\/?p=58641"},"modified":"2020-03-05T10:22:29","modified_gmt":"2020-03-05T13:22:29","slug":"reaparecio-macri-y-dijo-que-el-populismo-es-mas-peligroso-que-el-coronavirus","status":"publish","type":"post","link":"https:\/\/www.actualidadadiario.com\/index.php\/2020\/03\/05\/reaparecio-macri-y-dijo-que-el-populismo-es-mas-peligroso-que-el-coronavirus\/","title":{"rendered":"Reapareci\u00f3 Macri y dijo que el &#8220;populismo es m\u00e1s peligroso que el coronavirus&#8221;"},"content":{"rendered":"<p style=\"text-align: center;\"><em><strong>Sostuvo que la regi\u00f3n necesita tener &#8220;reglas de juego claras&#8221; y blindarse frente a los &#8220;aventureros&#8221; que proponen &#8220;pan para hoy y hambre para ma\u00f1ana&#8221;. M\u00e1s tarde, en una entrevista, afirm\u00f3 que &#8220;la alternancia actual hace que un gobierno desande todo lo que hizo el anterior\u201d<\/strong><\/em><\/p>\n<p>&nbsp;<\/p>\n<p>&nbsp;<\/p>\n<p>&nbsp;<\/p>\n<p>Despu\u00e9s de m\u00e1s de tres meses de ostrasismo, Mauricio Macri reapareci\u00f3 ayer y en su primera exposici\u00f3n p\u00fablica como expresidente, critic\u00f3 a los gobierno &#8220;populistas&#8221;, compar\u00e1ndolos con la epidemia que mantiene alerta a todo el mundo que es el &#8220;coronavirus&#8221;.<\/p>\n<p>Fiel a su discurso, Macri critic\u00f3 a los populismos y apunt\u00f3 contra los detractores de la cultura de la meritocracia. Dijo: &#8220;Esto se combina con algo que tambi\u00e9n se est\u00e1 discutiendo cuando hablamos de integraci\u00f3n, que es si creemos que las sociedades progresan cuando son meritocr\u00e1ticas o queremos caer en el relativismo moral que nos quieren decir que todo da lo mismo, lo bello y lo feo; lo verdadero y lo falso; que todos tenemos derechos y ninguna obligaci\u00f3n; y buscan sistem\u00e1ticamente destruir la cultura del trabajo y el respeto de la ley, que son las bases que nos tenemos que integrar&#8221;.<\/p>\n<p>La reaparici\u00f3n del ex presidente argentino se produjo durante el &#8220;V Encuentro Ciudadano&#8221;, evento que organiza la Fundaci\u00f3n Libertad y Desarrollo, con sede en Guatemala, en el que el ex jefe de Estado particip\u00f3 junto a otros exmandatarios de la regi\u00f3n y fue revelada por el diario argentino La Naci\u00f3n.<\/p>\n<p>Los presidentes Carlos Alvarado, de Costa Rica; Nayib Bukele, de El Salvador; y Juan Orlando Hern\u00e1ndez de Honduras; formaron parte del evento, en el que adem\u00e1s de Macri estuvieron invitados Jos\u00e9 Mar\u00eda Aznar, de Espa\u00f1a; Felipe Calder\u00f3n, de M\u00e9xico; Laura Chinchilla, de Costa Rica; y Vinicio Cerezo, exgobernante de Guatemala y actual secretario general del Sistema de Integraci\u00f3n Centroamericana.<\/p>\n<p>Los panelistas debatieron sobre la integraci\u00f3n econ\u00f3mica de Am\u00e9rica Central. A la hora de tomar la palabra, Macri sostuvo que la regi\u00f3n necesita tener &#8220;reglas de juego claras&#8221; y blindarse frente a los &#8220;aventureros&#8221; que proponen &#8220;pan para hoy y hambre para ma\u00f1ana&#8221;.<\/p>\n<p>En este contexto, sostuvo que &#8220;la integraci\u00f3n es una herramienta muy valiosa para acelerar el desarrollo, pero hoy m\u00e1s que nunca, porque estamos frente a una revoluci\u00f3n tecnol\u00f3gica sin precedentes que puede acelerar ese proceso&#8221;.<\/p>\n<p>En la exposici\u00f3n, y ante la pregunta sobre el uso de las redes sociales para poder generar apoyos en los ciudadanos sobre &#8220;ideas remotas&#8221;, como es el caso de la integraci\u00f3n regional, el expresidente de la rep\u00fablica Argentina respondi\u00f3: &#8220;Este fen\u00f3meno que estamos viviendo, que reci\u00e9n comienza, nos lleva el desaf\u00edo de evitar algo que es mucho m\u00e1s peligroso que el coronavirus, que es el populismo&#8221;.<\/p>\n<p>&#8220;Realmente, el populismo lleva a hipotecar el futuro, no cree en el equilibro macroecon\u00f3mico y compromete no solo el desarrollo, sino el futuro b\u00e1sico de sus comunidades&#8221;, remarc\u00f3.<\/p>\n<p>Acto seguido mencion\u00f3 que &#8220;adem\u00e1s, (el populismo) ha desarrollado un sistema para decir que ellos son los que representan al pueblo, que necesitan gobernar sin contrapesos, para poder imponer todas estas arbitrariedades que niegan los avances del mundo y la tecnolog\u00eda&#8221;.<\/p>\n<p>M\u00e1s tarde, en una entrevista con Prensa Libre, Macri sostuvo que una integraci\u00f3n econ\u00f3mica basada en reglas claras podr\u00eda reducir el impacto de los movimientos pendulares en el poder en Am\u00e9rica Latina, en referencia a los cambios abruptos de ideolog\u00eda en los gobiernos de gobiernos como Uruguay o de la Argentina. Y enfatiz\u00f3: \u201cLa alternancia actual hace que un gobierno desande todo lo que hizo el anterior\u201d.<\/p>\n<p>Macri particip\u00f3 del primer panel del encuentro junto a los expresidentes Luis Alberto Lacalle, de Uruguay, Miguel \u00c1ngel Rodr\u00edguez, de Costa Rica, Jamil Mahuad, de Ecuador y el presidente del Banco Interamericano de Desarrollo (BID), Luis Alberto Molina.<\/p>\n","protected":false},"excerpt":{"rendered":"<p>Sostuvo que la regi\u00f3n necesita tener &#8220;reglas de juego claras&#8221; y blindarse frente a los &#8220;aventureros&#8221; que proponen &#8220;pan para hoy y hambre para ma\u00f1ana&#8221;. M\u00e1s tarde, en una entrevista, afirm\u00f3 que &#8220;la alternancia actual hace que un gobierno desande todo lo que hizo el anterior\u201d &nbsp; &nbsp; &nbsp; Despu\u00e9s de m\u00e1s de tres meses de ostrasismo, Mauricio Macri reapareci\u00f3 ayer y en su primera exposici\u00f3n p\u00fablica como expresidente, critic\u00f3 a los gobierno &#8220;populistas&#8221;, compar\u00e1ndolos con la epidemia que mantiene alerta a todo el mundo que es el &#8220;coronavirus&#8221;. Fiel&#8230;<\/p>\n","protected":false},"author":3,"featured_media":58642,"comment_status":"closed","ping_status":"closed","sticky":false,"template":"","format":"standard","meta":[],"categories":[18],"tags":[],"_links":{"self":[{"href":"https:\/\/www.actualidadadiario.com\/index.php\/wp-json\/wp\/v2\/posts\/58641"}],"collection":[{"href":"https:\/\/www.actualidadadiario.com\/index.php\/wp-json\/wp\/v2\/posts"}],"about":[{"href":"https:\/\/www.actualidadadiario.com\/index.php\/wp-json\/wp\/v2\/types\/post"}],"author":[{"embeddable":true,"href":"https:\/\/www.actualidadadiario.com\/index.php\/wp-json\/wp\/v2\/users\/3"}],"replies":[{"embeddable":true,"href":"https:\/\/www.actualidadadiario.com\/index.php\/wp-json\/wp\/v2\/comments?post=58641"}],"version-history":[{"count":1,"href":"https:\/\/www.actualidadadiario.com\/index.php\/wp-json\/wp\/v2\/posts\/58641\/revisions"}],"predecessor-version":[{"id":58643,"href":"https:\/\/www.actualidadadiario.com\/index.php\/wp-json\/wp\/v2\/posts\/58641\/revisions\/58643"}],"wp:featuredmedia":[{"embeddable":true,"href":"https:\/\/www.actualidadadiario.com\/index.php\/wp-json\/wp\/v2\/media\/58642"}],"wp:attachment":[{"href":"https:\/\/www.actualidadadiario.com\/index.php\/wp-json\/wp\/v2\/media?parent=58641"}],"wp:term":[{"taxonomy":"category","embeddable":true,"href":"https:\/\/www.actualidadadiario.com\/index.php\/wp-json\/wp\/v2\/categories?post=58641"},{"taxonomy":"post_tag","embeddable":true,"href":"https:\/\/www.actualidadadiario.com\/index.php\/wp-json\/wp\/v2\/tags?post=58641"}],"curies":[{"name":"wp","href":"https:\/\/api.w.org\/{rel}","templated":true}]}}