{"id":58638,"date":"2020-03-05T10:21:48","date_gmt":"2020-03-05T13:21:48","guid":{"rendered":"https:\/\/www.actualidadadiario.com\/?p=58638"},"modified":"2020-03-05T10:21:48","modified_gmt":"2020-03-05T13:21:48","slug":"el-presidente-les-pidio-a-las-empresas-alimenticias-que-revisen-los-aumentos-de-precios","status":"publish","type":"post","link":"https:\/\/www.actualidadadiario.com\/index.php\/2020\/03\/05\/el-presidente-les-pidio-a-las-empresas-alimenticias-que-revisen-los-aumentos-de-precios\/","title":{"rendered":"El presidente les pidi\u00f3 a las empresas alimenticias que \u201crevisen\u201d los aumentos de precios"},"content":{"rendered":"<p style=\"text-align: center;\"><em><strong>Tras acordar con el sector rural sobre las retenciones a la soja, Alberto Fern\u00e1ndez llam\u00f3 a dialogar a las f\u00e1bricas de consumo masivo. &#8220;Los aumentos no tienen sentido&#8221;, les dijo en un almuerzo con parte del C\u00edrculo Rojo organizado por el Cicyp. Reuniones para negociar medidas<\/strong><\/em><\/p>\n<p>&nbsp;<\/p>\n<p>&nbsp;<\/p>\n<p>Tras negociar con las patronales del campo el aumento del 3% a las retenciones a la soja el presidente Alberto Fern\u00e1ndez anticip\u00f3 este mi\u00e9rcoles que el gobierno buscar\u00e1 acuerdos similares con las industrias\u00a0 y se refiri\u00f3 en particular a las f\u00e1bricas de alimentos que &#8220;tiene que hacer una revisi\u00f3n de lo que pasa con los precios&#8221;.<\/p>\n<p>El titular del Ejecutivo asisti\u00f3 al almuerzo que organiz\u00f3 para agasajarlo el Consejo Interamericano de Comercio y Producci\u00f3n (Cicyp) en el hotel Alvear Palace del barrio porte\u00f1o de Recoleta.<\/p>\n<p>Frente a buena parte de lo que el gobierno de Cambiemos defin\u00eda como el C\u00edrculo Rojo, la cumbre del empresariado local, Fern\u00e1ndez destac\u00f3 el objetivo del gobierno de atacar en primer lugar las problem\u00e1ticas del hambre y de la deuda externa y llam\u00f3 a los industriales a sumarse a los acuerdos sociales.<\/p>\n<p>&#8220;Los argentinos necesitamos industriales comprometidos con la Argentina, no solo con los resultados de sus empresas&#8221;, defini\u00f3 el jefe de Estado, y a\u00f1adi\u00f3: &#8220;El sector alimenticio tiene que hacer una revisi\u00f3n de lo que pasa con los precios. (Desde el gobierno) Ayudamos a la producci\u00f3n a recuperarse. Lo hicimos frenando las tarifas de luz y gas, frenando el aumento de combustibles, abriendo el cr\u00e9dito de los bancos Naci\u00f3n y Provincia, y no es posible que con todo eso los precios sigan subiendo. Estoy defendiendo a los consumidores, esto tiene que parar, no tiene l\u00f3gica que los precios sigan subiendo&#8221;, acentu\u00f3.<\/p>\n<p>Fern\u00e1ndez llam\u00f3 a los empresarios presentes en el auditorio, entre ellos muchos representantes del sector aludido, empezando por Daniel Funes de Rioja, titular del Cicyp, a que &#8220;ayuden a contener este tema&#8221; y atribuy\u00f3 las remarcaciones de precios &#8220;m\u00e1s a las expectativas que a la realidad&#8221; pero que &#8220;terminamos pagando los que consumimos y no tiene sentido. Con la industria necesitamos encender de nuevo la econom\u00eda, que lo argentinos vuelvan a consumir, reactivar el mercado interno como paso previo a las exportaciones&#8221;, dijo.<\/p>\n<p>El presidente repiti\u00f3 as\u00ed la advertencia que le hizo al sector en apertura de las sesiones del Congreso el \u00faltimo domingo. Despu\u00e9s de eso hubo una reuni\u00f3n de Fern\u00e1ndez y las empresas alimenticias que finaliz\u00f3 sin mayores novedades. El nuevo pronunciamiento frente a varios de los referentes importantes de ese sector abri\u00f3 la puerta para una nueva reuni\u00f3n pero los consultados en el Alvear mantuvieron la reserva sobre el tema.<\/p>\n<p>&nbsp;<\/p>\n<p><strong>Deuda<\/strong><\/p>\n<p>Antes de apelar a los industriales, Fern\u00e1ndez destac\u00f3 el rumbo de la pol\u00edtica nacional desde su asunci\u00f3n hace casi tres meses. \u201cHemos sido muy honestos desde el primer d\u00eda al decir que la deuda es insostenible\u201d, asegur\u00f3. &#8220;El mundo lo entendi\u00f3 y esta vez no hizo falta pelear. Les explicamos a todos los l\u00edderes europeos, hablamos con Estados Unidos, conseguimos el acuerdo de las naciones para que comprendan que estamos diciendo la verdad&#8221;, se\u00f1al\u00f3.<\/p>\n<p>El paso siguiente, plante\u00f3 el mandatario, es la colaboraci\u00f3n de las empresas. &#8220;Valoro que las asociaciones del campo hayan aceptado y tomado a bien la propuesta de que uno de 25 cultivos suban las retenciones y tambi\u00e9n lo tenemos que hacer con la industria y el sector financiero&#8221;,\u00a0 alist\u00f3.<\/p>\n<p>Y remarc\u00f3: &#8220;En el campo demostramos que podemos ganar todos, desde el campo cuando nos ayudan a resolver problemas fiscales y garantizando que el dinero que el Estado reclama vuelva en auxilio para mejorar la producci\u00f3n&#8221;. El sector rural &#8220;es un socio estrat\u00e9gico, exporta y genera divisas&#8221;.<\/p>\n","protected":false},"excerpt":{"rendered":"<p>Tras acordar con el sector rural sobre las retenciones a la soja, Alberto Fern\u00e1ndez llam\u00f3 a dialogar a las f\u00e1bricas de consumo masivo. &#8220;Los aumentos no tienen sentido&#8221;, les dijo en un almuerzo con parte del C\u00edrculo Rojo organizado por el Cicyp. Reuniones para negociar medidas &nbsp; &nbsp; Tras negociar con las patronales del campo el aumento del 3% a las retenciones a la soja el presidente Alberto Fern\u00e1ndez anticip\u00f3 este mi\u00e9rcoles que el gobierno buscar\u00e1 acuerdos similares con las industrias\u00a0 y se refiri\u00f3 en particular a las f\u00e1bricas de&#8230;<\/p>\n","protected":false},"author":3,"featured_media":58639,"comment_status":"closed","ping_status":"closed","sticky":false,"template":"","format":"standard","meta":[],"categories":[18],"tags":[],"_links":{"self":[{"href":"https:\/\/www.actualidadadiario.com\/index.php\/wp-json\/wp\/v2\/posts\/58638"}],"collection":[{"href":"https:\/\/www.actualidadadiario.com\/index.php\/wp-json\/wp\/v2\/posts"}],"about":[{"href":"https:\/\/www.actualidadadiario.com\/index.php\/wp-json\/wp\/v2\/types\/post"}],"author":[{"embeddable":true,"href":"https:\/\/www.actualidadadiario.com\/index.php\/wp-json\/wp\/v2\/users\/3"}],"replies":[{"embeddable":true,"href":"https:\/\/www.actualidadadiario.com\/index.php\/wp-json\/wp\/v2\/comments?post=58638"}],"version-history":[{"count":1,"href":"https:\/\/www.actualidadadiario.com\/index.php\/wp-json\/wp\/v2\/posts\/58638\/revisions"}],"predecessor-version":[{"id":58640,"href":"https:\/\/www.actualidadadiario.com\/index.php\/wp-json\/wp\/v2\/posts\/58638\/revisions\/58640"}],"wp:featuredmedia":[{"embeddable":true,"href":"https:\/\/www.actualidadadiario.com\/index.php\/wp-json\/wp\/v2\/media\/58639"}],"wp:attachment":[{"href":"https:\/\/www.actualidadadiario.com\/index.php\/wp-json\/wp\/v2\/media?parent=58638"}],"wp:term":[{"taxonomy":"category","embeddable":true,"href":"https:\/\/www.actualidadadiario.com\/index.php\/wp-json\/wp\/v2\/categories?post=58638"},{"taxonomy":"post_tag","embeddable":true,"href":"https:\/\/www.actualidadadiario.com\/index.php\/wp-json\/wp\/v2\/tags?post=58638"}],"curies":[{"name":"wp","href":"https:\/\/api.w.org\/{rel}","templated":true}]}}