{"id":58635,"date":"2020-03-05T10:20:56","date_gmt":"2020-03-05T13:20:56","guid":{"rendered":"https:\/\/www.actualidadadiario.com\/?p=58635"},"modified":"2020-03-05T10:20:56","modified_gmt":"2020-03-05T13:20:56","slug":"schiaretti-en-el-camino-de-vuelta-al-pj","status":"publish","type":"post","link":"https:\/\/www.actualidadadiario.com\/index.php\/2020\/03\/05\/schiaretti-en-el-camino-de-vuelta-al-pj\/","title":{"rendered":"Schiaretti en el camino de vuelta al PJ"},"content":{"rendered":"<p style=\"text-align: center;\"><em><strong>Tras casi una d\u00e9cada al margen de la actividad partidaria, el gobernador cordob\u00e9s Juan Schiaretti puso en marcha el retorno: la mesa ejecutiva Partido Justicialista de C\u00f3rdoba resolvi\u00f3 participar con todos sus congresales en el encuentro nacional del PJ que se realizar\u00e1, a partir de las 10, en el microestadio de Ferro, del que saldr\u00e1 un fuerte respaldo al presidente Alberto Fern\u00e1ndez. Lo mismo har\u00e1n los congresales de Salta que responden al ex gobernador Juan Manuel Urtubey, con lo que se terminar\u00e1 de redondear el esquema de unidad total en el PJ que no se pudo cerrar durante la campa\u00f1a. Esa unidad se ver\u00e1 plasmada en un esquema de lista \u00fanica para la renovaci\u00f3n de autoridades partidarias prevista para mayo por la que, todo indicar\u00eda, Jos\u00e9 Luis Gioja renovar\u00e1 su mandato<\/strong><\/em><\/p>\n<p>&nbsp;<\/p>\n<p>&nbsp;<\/p>\n<p>En la campa\u00f1a, la relaci\u00f3n entre Alberto Fern\u00e1ndez y Schiaretti termin\u00f3 mal. Despu\u00e9s de viajar seis veces a la provincia y de hacer todos los deberes, el por entonces candidato del Frente de Todos se termin\u00f3 por fastidiar con la postura prescindente que el gobernador mantuvo hasta el final. &#8220;Parece que le da lo mismo el pa\u00eds que propone Mauricio Macri y el que pronemos nosotros&#8221;, le lanz\u00f3 Fern\u00e1ndez. Pese a conseguir el respaldo de una parte de la dirigencia provincial, el Frente de Todos sufri\u00f3 en C\u00f3rdoba la derrota m\u00e1s abultada del pa\u00eds.<\/p>\n<p>Ya en el gobierno comenz\u00f3 una estrategia de acercamiento de ambos lados, dado que tambi\u00e9n las necesidades son mutuas. Para la Casa Rosada, el apoyo de los diputados nacionales que responden a Schiaretti puede ser fundamental, como ocurri\u00f3 en la \u00faltima sesi\u00f3n en la que se dio media sanci\u00f3n a fin de las jubilaciones de privilegio. El gobernador, al frente de una administraci\u00f3n fuertemente endeudada, necesita de la ayuda del Ejecutivo nacional al que le reclama el pago de una suma de casi 15 mil millones de pesos por obras p\u00fablicas y jubilaciones. El ministro del Interior, Eduardo &#8220;Wado&#8221; de Pedro, comenz\u00f3 a tender lazos y cerr\u00f3 un primer acuerdo para las elecciones municipales que se realizar\u00e1n el pr\u00f3ximo 29 de marzo en R\u00edo Cuarto. El peronismo unido apoyar\u00e1 la reelecci\u00f3n del intendente Juan Llamosas, alineado con Schiaretti.<\/p>\n<p>Sin embargo, d\u00edas despu\u00e9s, hubo un encuentro de dirigentes del peronismo cordob\u00e9s encabezados por el senador Carlos Caserio y el intendente de Villa Mar\u00eda, Mart\u00edn Gill, que expresaron su intenci\u00f3n de alinear al distrito con el gobierno nacional. Ese despuntar de un &#8220;albertismo&#8221; provincial seguramente inquiet\u00f3 a Schiaretti, que finalmente resolvi\u00f3 enviar sus congresales al encuentro del PJ Nacional, algo que no suced\u00eda desde 2011. C\u00f3rdoba cuenta con 84 congresales nacionales, divididos entre los sectores internos -ampliamente mayoritarios- que responden Schiaretti, al espacio de Caserio y los afines al kirchnerismo.<\/p>\n<p>Algo parecido ocurrir\u00e1 con los representantes del peronismo salte\u00f1o que responde -o respond\u00eda- a Urtubey, ex compa\u00f1ero de f\u00f3rmula de Roberto Lavagna. En ese caso la ausencia es menor, porque hasta 2016 Urtubey sigui\u00f3 participando de los encuentros org\u00e1nicos del peronismo hasta que decidi\u00f3 tomar distancia.<\/p>\n<p>El encuentro en Ferro est\u00e1 pautado para las 10, pero se calcula que arrancar\u00e1 al mediod\u00eda. Son casi mil congresales que cumplir\u00e1n con la formalidad de fijar fecha de elecciones internas para el 3 de mayo y designar una junta electoral que se encargar\u00e1 de establecer el cronograma. Por otro lado, seguramente habr\u00e1 un documento de apoyo a Alberto Fern\u00e1ndez, especialmente referido a la renegociaci\u00f3n de la deuda que se dispone a encarar frente a los fondos de inversi\u00f3n extranjeros.<\/p>\n<p>Todo indica que se llegar\u00e1 sin problemas a una lista de unidad en la que est\u00e9n representados todos los sectores. La duda que persiste es quien ser\u00e1 el pr\u00f3ximo presidente, dado que Alberto Fern\u00e1ndez ya anticip\u00f3 que no quiere ocupar ning\u00fan cargo partidario. Sin que nadie haya hecho ninguna menci\u00f3n expl\u00edcita, se sabe que Gioja -un gran impulsor del proceso de unidad- desea ir por la reelecci\u00f3n mientras que gobernadores como Jorge Capitanich y Alberto Rodr\u00edguez Sa\u00e1 tienen intenciones de sucederlo. Pero para esa definici\u00f3n todav\u00eda hay tiempo.<\/p>\n","protected":false},"excerpt":{"rendered":"<p>Tras casi una d\u00e9cada al margen de la actividad partidaria, el gobernador cordob\u00e9s Juan Schiaretti puso en marcha el retorno: la mesa ejecutiva Partido Justicialista de C\u00f3rdoba resolvi\u00f3 participar con todos sus congresales en el encuentro nacional del PJ que se realizar\u00e1, a partir de las 10, en el microestadio de Ferro, del que saldr\u00e1 un fuerte respaldo al presidente Alberto Fern\u00e1ndez. Lo mismo har\u00e1n los congresales de Salta que responden al ex gobernador Juan Manuel Urtubey, con lo que se terminar\u00e1 de redondear el esquema de unidad total en&#8230;<\/p>\n","protected":false},"author":3,"featured_media":58636,"comment_status":"closed","ping_status":"closed","sticky":false,"template":"","format":"standard","meta":[],"categories":[18],"tags":[],"_links":{"self":[{"href":"https:\/\/www.actualidadadiario.com\/index.php\/wp-json\/wp\/v2\/posts\/58635"}],"collection":[{"href":"https:\/\/www.actualidadadiario.com\/index.php\/wp-json\/wp\/v2\/posts"}],"about":[{"href":"https:\/\/www.actualidadadiario.com\/index.php\/wp-json\/wp\/v2\/types\/post"}],"author":[{"embeddable":true,"href":"https:\/\/www.actualidadadiario.com\/index.php\/wp-json\/wp\/v2\/users\/3"}],"replies":[{"embeddable":true,"href":"https:\/\/www.actualidadadiario.com\/index.php\/wp-json\/wp\/v2\/comments?post=58635"}],"version-history":[{"count":1,"href":"https:\/\/www.actualidadadiario.com\/index.php\/wp-json\/wp\/v2\/posts\/58635\/revisions"}],"predecessor-version":[{"id":58637,"href":"https:\/\/www.actualidadadiario.com\/index.php\/wp-json\/wp\/v2\/posts\/58635\/revisions\/58637"}],"wp:featuredmedia":[{"embeddable":true,"href":"https:\/\/www.actualidadadiario.com\/index.php\/wp-json\/wp\/v2\/media\/58636"}],"wp:attachment":[{"href":"https:\/\/www.actualidadadiario.com\/index.php\/wp-json\/wp\/v2\/media?parent=58635"}],"wp:term":[{"taxonomy":"category","embeddable":true,"href":"https:\/\/www.actualidadadiario.com\/index.php\/wp-json\/wp\/v2\/categories?post=58635"},{"taxonomy":"post_tag","embeddable":true,"href":"https:\/\/www.actualidadadiario.com\/index.php\/wp-json\/wp\/v2\/tags?post=58635"}],"curies":[{"name":"wp","href":"https:\/\/api.w.org\/{rel}","templated":true}]}}