{"id":58632,"date":"2020-03-05T10:19:58","date_gmt":"2020-03-05T13:19:58","guid":{"rendered":"https:\/\/www.actualidadadiario.com\/?p=58632"},"modified":"2020-03-05T10:19:58","modified_gmt":"2020-03-05T13:19:58","slug":"alberto-presidenta-le-coreo-el-feminismo","status":"publish","type":"post","link":"https:\/\/www.actualidadadiario.com\/index.php\/2020\/03\/05\/alberto-presidenta-le-coreo-el-feminismo\/","title":{"rendered":"\u201cAlberto presidenta\u201d, le core\u00f3 el feminismo"},"content":{"rendered":"<p style=\"text-align: center;\"><em><strong>Bajo la consigna \u201cNosotras movemos el mundo\u201d, los diferentes colectivos de mujeres recibieron al mandatario en la ex Ballena Azul junto a les ministres Elizabeth G\u00f3mez Alcorta y Trist\u00e1n Bauer<\/strong><\/em><\/p>\n<p>&nbsp;<\/p>\n<p>\u201cAlberto presidenta!\u201d, gritaron las feministas en la ex Ballena Azul cuando ingres\u00f3 el presidente Alberto Fern\u00e1ndez para inaugurar en el Centro Cultural Kirchner las actividades que giran en torno a la conmemoraci\u00f3n del D\u00eda de la Mujeres. \u201cNo se soporta m\u00e1s seguir viviendo en un sistema en que algunos son m\u00e1s iguales que otros. Me atribuyo poco m\u00e9rito en esto, en todo caso el de haber le\u00eddo lo que pasa\u201d, expres\u00f3 el Presidente. A pocos d\u00edas del anuncio de que enviar\u00e1 al Congreso un proyecto para la legalizaci\u00f3n del aborto, dijo: \u201cFaltan normas que empezamos a tratar el domingo pasado, que ampliar\u00e1n derechos y romper\u00e1n la desigualdad\u201d. Lo acompa\u00f1aron los ministros Elizabeth G\u00f3mez Alcorta (Mujeres, G\u00e9neros y Diversidad) y Trist\u00e1n Bauer (Cultura), de las carteras que organizaron el ciclo \u201cNosotras movemos el mundo\u201d.<\/p>\n<p>El Auditorio Nacional, con capacidad para cerca de dos mil personas, estaba colmado. Sobresal\u00edan las j\u00f3venes, se ve\u00edan varios pa\u00f1uelos verdes, dedos en \u201cV\u201d y alguna que otra bandera, como la de G\u00e9neros en Lucha y Madres V\u00edctimas de Trata. Cuando llegaron a la sala, el p\u00fablico aplaudi\u00f3 a la soci\u00f3loga y asesora del Poder Ejecutivo Dora Barrancos; a la vicegobernadora bonaerense, Ver\u00f3nica Magario, y a la intendenta de Quilmes, Mayra Mendoza. En primera fila estaban, adem\u00e1s, el jefe de Gabinete, Santiago Cafiero; los ministros de Interior, Wado De Pedro; Educaci\u00f3n, Nicol\u00e1s Trotta; Salud, Gin\u00e9s Gonz\u00e1lez Garc\u00eda; y la secretaria Legal y T\u00e9cnica del Poder Ejecutivo, Vilma Ibarra. Tambi\u00e9n Estela de Carlotto y Lita Boitano. La programaci\u00f3n de \u201cNosotras movemos el mundo\u201d comenz\u00f3 en Tecn\u00f3polis el domingo y contin\u00faa en el CCK con conciertos, charlas, debates, exposiciones y ferias.<\/p>\n<p>El mandatario destac\u00f3 el \u201cm\u00e9rito\u201d del colectivo feminista que hace tiempo \u201cempez\u00f3 a levantar banderas en la Argentina\u201d. \u201cMe toc\u00f3 el privilegio de ser el Presidente donde todo esto est\u00e1 ocurriendo. Lo \u00fanico que hago es tratar de ponerme al frente para ir acompa\u00f1ando desde el gobierno lo que ustedes d\u00eda a d\u00eda hacen. Si seguimos as\u00ed, en cuatro a\u00f1os habremos terminado con la desigualdad definitivamente en la Argentina\u201d, manifest\u00f3. G\u00f3mez Alcorta defini\u00f3 como \u201cdistinto\u201d al pr\u00f3ximo 8 de marzo. \u201cPorque tenemos un ministerio; por eso nos encuentra pensando, debatiendo, construyendo, organiz\u00e1ndonos\u201d, explic\u00f3. En sinton\u00eda con el discurso de Fern\u00e1ndez, plante\u00f3 que la nueva cartera es una \u201cconquista del movimiento de mujeres y diversidades, que en los \u00faltimos a\u00f1os se volvi\u00f3 masivo y arrollador, pero que viene con una largu\u00edsima historia en nuestro pa\u00eds\u201d. Mencion\u00f3 a Boitano y asegur\u00f3 que \u201clas pol\u00edticas de g\u00e9nero buscan garantizar derechos humanos\u201d.<\/p>\n<p>Por su parte, Bauer destac\u00f3 que el domingo, cuando inaugur\u00f3 esta propuesta \u201cfederal, multicultural y transgeneracional\u201d, 50 mil personas visitaron Tecn\u00f3polis. Ley\u00f3 un poema de Alejandra Pizarnik. Luego de los discursos comenz\u00f3 la obra \u00a1Viva la Matria!, con direcci\u00f3n de Andrea Servera, que recorre momentos hist\u00f3ricos destacando figuras femeninas e incluye frases y poemas de activistas.<\/p>\n","protected":false},"excerpt":{"rendered":"<p>Bajo la consigna \u201cNosotras movemos el mundo\u201d, los diferentes colectivos de mujeres recibieron al mandatario en la ex Ballena Azul junto a les ministres Elizabeth G\u00f3mez Alcorta y Trist\u00e1n Bauer &nbsp; \u201cAlberto presidenta!\u201d, gritaron las feministas en la ex Ballena Azul cuando ingres\u00f3 el presidente Alberto Fern\u00e1ndez para inaugurar en el Centro Cultural Kirchner las actividades que giran en torno a la conmemoraci\u00f3n del D\u00eda de la Mujeres. \u201cNo se soporta m\u00e1s seguir viviendo en un sistema en que algunos son m\u00e1s iguales que otros. Me atribuyo poco m\u00e9rito en&#8230;<\/p>\n","protected":false},"author":3,"featured_media":58633,"comment_status":"closed","ping_status":"closed","sticky":false,"template":"","format":"standard","meta":[],"categories":[9],"tags":[],"_links":{"self":[{"href":"https:\/\/www.actualidadadiario.com\/index.php\/wp-json\/wp\/v2\/posts\/58632"}],"collection":[{"href":"https:\/\/www.actualidadadiario.com\/index.php\/wp-json\/wp\/v2\/posts"}],"about":[{"href":"https:\/\/www.actualidadadiario.com\/index.php\/wp-json\/wp\/v2\/types\/post"}],"author":[{"embeddable":true,"href":"https:\/\/www.actualidadadiario.com\/index.php\/wp-json\/wp\/v2\/users\/3"}],"replies":[{"embeddable":true,"href":"https:\/\/www.actualidadadiario.com\/index.php\/wp-json\/wp\/v2\/comments?post=58632"}],"version-history":[{"count":1,"href":"https:\/\/www.actualidadadiario.com\/index.php\/wp-json\/wp\/v2\/posts\/58632\/revisions"}],"predecessor-version":[{"id":58634,"href":"https:\/\/www.actualidadadiario.com\/index.php\/wp-json\/wp\/v2\/posts\/58632\/revisions\/58634"}],"wp:featuredmedia":[{"embeddable":true,"href":"https:\/\/www.actualidadadiario.com\/index.php\/wp-json\/wp\/v2\/media\/58633"}],"wp:attachment":[{"href":"https:\/\/www.actualidadadiario.com\/index.php\/wp-json\/wp\/v2\/media?parent=58632"}],"wp:term":[{"taxonomy":"category","embeddable":true,"href":"https:\/\/www.actualidadadiario.com\/index.php\/wp-json\/wp\/v2\/categories?post=58632"},{"taxonomy":"post_tag","embeddable":true,"href":"https:\/\/www.actualidadadiario.com\/index.php\/wp-json\/wp\/v2\/tags?post=58632"}],"curies":[{"name":"wp","href":"https:\/\/api.w.org\/{rel}","templated":true}]}}