{"id":58629,"date":"2020-03-05T10:19:13","date_gmt":"2020-03-05T13:19:13","guid":{"rendered":"https:\/\/www.actualidadadiario.com\/?p=58629"},"modified":"2020-03-05T10:19:13","modified_gmt":"2020-03-05T13:19:13","slug":"la-baja-de-jubilaciones-a-jueces-y-diplomaticos-sera-ley-la-semana-que-viene","status":"publish","type":"post","link":"https:\/\/www.actualidadadiario.com\/index.php\/2020\/03\/05\/la-baja-de-jubilaciones-a-jueces-y-diplomaticos-sera-ley-la-semana-que-viene\/","title":{"rendered":"La baja de jubilaciones a jueces y diplom\u00e1ticos ser\u00e1 ley la semana que viene"},"content":{"rendered":"<p style=\"text-align: center;\"><em><strong>El oficialismo firm\u00f3 dictamen en comisi\u00f3n. Cambiemos acompa\u00f1ar\u00eda en general en el recinto. Moroni consider\u00f3 &#8220;un exceso de sensibilidad&#8221; la renuncia de los jueces<\/strong><\/em><\/p>\n<p>&nbsp;<\/p>\n<p>La mayor\u00eda oficialista del Senado aprob\u00f3 el dictamen de la ley que baja las jubilaciones a diplom\u00e1ticos y la sancionar\u00e1 en una sesi\u00f3n prevista para el mi\u00e9rcoles 11 y tal vez por unanimidad, porque el bloque de Cambiemos eval\u00faa acompa\u00f1ar en general y proponer en particular, y sin sin chances de ser escuchado,\u00a0 incluir la cl\u00e1usula para evitar vacantes en los Tribunales que propusieron en Diputados.<\/p>\n<p>En esa C\u00e1mara el principal bloque opositor no dio qu\u00f3rum y se fue del recinto en rechazo a la presencia del ya designado embajador de Brasil Daniel Scioli. Claro que el oficialismo necesitaba de la oposici\u00f3n para llegar a la mayor\u00eda, mientras que en el Senado el peronismo tiene mayor\u00eda propia.<\/p>\n<p>Para no exponerse, el jefe de Cambiemos Luis Naidenoff y Silvia El\u00edas de P\u00e9rez anticiparon en el plenario de comisiones que trat\u00f3 el proyecto que acompa\u00f1ar\u00edan en general, pero la decisi\u00f3n a\u00fan no la debatieron en el bloque, donde podr\u00eda surgir posturas m\u00e1s hostiles.<\/p>\n<p>Naidenoff insisti\u00f3 en que la ley busca que los 300 magistrados en condici\u00f3n de jubilarse desalojen sus oficinas, porque considera que su contenido es tan sustancioso. Se aument\u00f3 un 7% los aportes, se elev\u00f3 la edad m\u00ednima a 65 y se calcula el haber jubilatorio inicial con el 82% del percibido los \u00faltimos 10 a\u00f1os y no el del \u00faltimo mes, que al considerarse el bruto llegaba a ser el 93%.<\/p>\n<p>&#8220;No estamos cambiando nada porque se mantienen los reg\u00edmenes especiales. A la prudencia y la moderaci\u00f3n muchos la llaman gatopardismo: cambiar algo para que nada cambie. Lo que estamos discutiendo es poder. \u00bfC\u00f3mo vamos a llenar las vacantes?&#8221;, se pregunt\u00f3 Naidenoff, antes de anticipar que pulsar\u00e1 el bot\u00f3n verde en la sesi\u00f3n del pr\u00f3ximo mi\u00e9rcoles.<\/p>\n<p>El ministro de Trabajo Claudio Moroni consider\u00f3 un &#8220;exceso de sensibilidad&#8221; que un magistrado presente la renuncia por esta ley, &#8220;porque es hist\u00f3rico que inicien sus tr\u00e1mites jubilatorios y contin\u00faen en su cargo. Van a poder seguir haci\u00e9ndolo&#8221;, garantiz\u00f3, acompa\u00f1ado del secretario de Seguridad Social Luis Built Go\u00f1i y el director ejecutivo de Anses, Alejandro Vanoli, quienes recordaron que los reg\u00edmenes especiales de jueces y diplom\u00e1ticos no son autosustentables y aun as\u00ed tienen mayores beneficios que el resto de los jubilados.<\/p>\n<p>Built Go\u00f1i calcul\u00f3 que el d\u00e9ficit se reducir\u00e1 un 72% en 2040 para el caso de los jueces y un 32% en el de diplom\u00e1ticos. &#8220;Tenemos que pensar que cuando un sistema es deficitario, el d\u00e9ficit crece a\u00f1o a a\u00f1o&#8221;, explic\u00f3 Moroni, quien defendi\u00f3 ante una cr\u00edtica de Mart\u00edn Lousteau no haber incluido a otros reg\u00edmenes especiales, como el de Luz y Fuerza, Navegantes o trabajadores de R\u00edo Turbio.<\/p>\n<p>&#8220;Hay reg\u00edmenes que tienen condiciones de salubridad, de promoci\u00f3n de una actividad o condiciones hist\u00f3ricas que considerar&#8221;, lo justific\u00f3. Ante una consulta de Naidenoff justific\u00f3 haber excluido a los jueces de la Corte Suprema. &#8220;No sumamos a los jefes de los poderes del Estado&#8221;, explic\u00f3.<\/p>\n<p>&#8220;Es muy dif\u00edcil justificar que por un lado se paguen jubilaciones de 800.000 pesos, cuando las jubilaciones medias est\u00e1n en 20.000 pesos y las m\u00ednimas en 17.000 y que aproximadamente un 40% de la gente que deber\u00eda entrar en el beneficio no tiene la posibilidad de hacerlo. Esto hace que en un sistema de reparto y de solidaridad se introduzca una discusi\u00f3n estructural de c\u00f3mo asignar de una manera justa los recursos y los gastos en toda la sociedad&#8221;, simplific\u00f3 Vanoli.<\/p>\n<p>El plenario de las comisiones de Previsi\u00f3n Social y de Presupuesto fue coordinado por sus presidentes Daniel Lovera y Carlos Caserio y despu\u00e9s de los funcionarios expusieron representantes de los afectados como el presidente de la Asociaci\u00f3n de Magistrados, Marcelo Gallo Tagle, quien alert\u00f3 sobre el riesgo de vaciar los Tribunales. &#8220;Hay 360 en condiciones de jubilarse y las vacantes llegar\u00edan al 50% por el retiro de pliegos y la demora en los nombramientos&#8221;, advirti\u00f3.<\/p>\n<p>Y record\u00f3 que uno de los cambios de Diputados fue derogar un art\u00edculo de la ley de subrogancias para que los jubilados puedan ocupar vacantes, que de esa manera se multiplicar\u00e1n y &#8220;no se podr\u00e1 brindar el servicio de justicia&#8221;.<\/p>\n<p>Marta Insuasti, de la Asociaci\u00f3n de Personal diplom\u00e1tico, volvi\u00f3 a alertar sobre la posible falta de diplom\u00e1ticos si los pr\u00f3ximos en asumir entran en el r\u00e9gimen general de jubilaciones. &#8220;El proyecto desfinancia el r\u00e9gimen e incrementa el d\u00e9ficit porque la falta progresiva de aportantes&#8221;.<\/p>\n<p>Julio Piumato, de la Asociaci\u00f3n de Personal Judicial, celebr\u00f3 el cambio que realizaron los diputados en el recinto para sumar a dos categor\u00edas de empleados al sistema.<\/p>\n","protected":false},"excerpt":{"rendered":"<p>El oficialismo firm\u00f3 dictamen en comisi\u00f3n. Cambiemos acompa\u00f1ar\u00eda en general en el recinto. Moroni consider\u00f3 &#8220;un exceso de sensibilidad&#8221; la renuncia de los jueces &nbsp; La mayor\u00eda oficialista del Senado aprob\u00f3 el dictamen de la ley que baja las jubilaciones a diplom\u00e1ticos y la sancionar\u00e1 en una sesi\u00f3n prevista para el mi\u00e9rcoles 11 y tal vez por unanimidad, porque el bloque de Cambiemos eval\u00faa acompa\u00f1ar en general y proponer en particular, y sin sin chances de ser escuchado,\u00a0 incluir la cl\u00e1usula para evitar vacantes en los Tribunales que propusieron en&#8230;<\/p>\n","protected":false},"author":3,"featured_media":58630,"comment_status":"closed","ping_status":"closed","sticky":false,"template":"","format":"standard","meta":[],"categories":[9],"tags":[],"_links":{"self":[{"href":"https:\/\/www.actualidadadiario.com\/index.php\/wp-json\/wp\/v2\/posts\/58629"}],"collection":[{"href":"https:\/\/www.actualidadadiario.com\/index.php\/wp-json\/wp\/v2\/posts"}],"about":[{"href":"https:\/\/www.actualidadadiario.com\/index.php\/wp-json\/wp\/v2\/types\/post"}],"author":[{"embeddable":true,"href":"https:\/\/www.actualidadadiario.com\/index.php\/wp-json\/wp\/v2\/users\/3"}],"replies":[{"embeddable":true,"href":"https:\/\/www.actualidadadiario.com\/index.php\/wp-json\/wp\/v2\/comments?post=58629"}],"version-history":[{"count":1,"href":"https:\/\/www.actualidadadiario.com\/index.php\/wp-json\/wp\/v2\/posts\/58629\/revisions"}],"predecessor-version":[{"id":58631,"href":"https:\/\/www.actualidadadiario.com\/index.php\/wp-json\/wp\/v2\/posts\/58629\/revisions\/58631"}],"wp:featuredmedia":[{"embeddable":true,"href":"https:\/\/www.actualidadadiario.com\/index.php\/wp-json\/wp\/v2\/media\/58630"}],"wp:attachment":[{"href":"https:\/\/www.actualidadadiario.com\/index.php\/wp-json\/wp\/v2\/media?parent=58629"}],"wp:term":[{"taxonomy":"category","embeddable":true,"href":"https:\/\/www.actualidadadiario.com\/index.php\/wp-json\/wp\/v2\/categories?post=58629"},{"taxonomy":"post_tag","embeddable":true,"href":"https:\/\/www.actualidadadiario.com\/index.php\/wp-json\/wp\/v2\/tags?post=58629"}],"curies":[{"name":"wp","href":"https:\/\/api.w.org\/{rel}","templated":true}]}}