{"id":58619,"date":"2020-03-05T10:16:20","date_gmt":"2020-03-05T13:16:20","guid":{"rendered":"https:\/\/www.actualidadadiario.com\/?p=58619"},"modified":"2020-03-05T10:16:20","modified_gmt":"2020-03-05T13:16:20","slug":"el-gobierno-fija-10-de-aumento-a-trabajadores-de-casas-particulares","status":"publish","type":"post","link":"https:\/\/www.actualidadadiario.com\/index.php\/2020\/03\/05\/el-gobierno-fija-10-de-aumento-a-trabajadores-de-casas-particulares\/","title":{"rendered":"El Gobierno fija 10% de aumento a trabajadores de casas particulares"},"content":{"rendered":"<p style=\"text-align: center;\"><em><strong>El Gobierno decidi\u00f3 otorgar un 10% de mejora a los trabajadores\/as de casas particulares, sobre valores salariales de diciembre 2019 y que har\u00e1 efectiva por resoluci\u00f3n, pese al rechazo de los representantes gremiales cerrando as\u00ed la mesa donde se discuti\u00f3 el adicional que dentro de los fundamentos de las mejoras otorgadas a privados y estatales se debati\u00f3 el viernes y en la v\u00edspera<\/strong><\/em><\/p>\n<p>&nbsp;<\/p>\n<p>&nbsp;<\/p>\n<p>Funcionarios de la carteras de Trabajo, Econom\u00eda y Desarrollo Social explicaron durante gran parte de la reuni\u00f3n, que se extendi\u00f3 por dos horas en el ministerio al comando de Claudio Moroni, que ese porcentual era el &#8220;m\u00e1ximo posible&#8221;, ante el condicionamiento de la negociaci\u00f3n con acreedores externos y en la decisi\u00f3n pol\u00edtica de brindar una mejora superior a los m\u00e1s castigados por la crisis.<\/p>\n<p>Si bien la explicaci\u00f3n fue extensa, de acuerdo a las fuentes que consult\u00f3 BAE Negocios, la desaz\u00f3n de los representantes de trabajadores experiment\u00f3 un desencanto superior ya que esperaban un 16% &#8220;aunque fuera en varios tramos&#8221;, seg\u00fan acotaron. Inocultable y apto para toda percepci\u00f3n fue el desagrado con el cual se retiraron del ministerio. En efecto, mientras que esperan el formalismo de que la Casa Rosada expida la resoluci\u00f3n correspondiente al exiguo incremento, la Uni\u00f3n Personal Auxiliar de Casas Particulares (Upacp), voz cantante del sector de los trabajadores, emiti\u00f3 un comunicado a todas las filiales del pa\u00eds para explicar el rechazo al 10%. Si de n\u00fameros se trata, en cuanto al impacto de colectivo laboral este sector de empleo lo componen 1.150.000 personas de las cuales 600.000 tienen registro de labor y d\u00f3nde el 97% son mujeres.<\/p>\n<p>&#8220;Lamentablemente, la postura de la representaci\u00f3n del Estado conformada por los Ministerios de Trabajo, Desarrollo Social y Econom\u00eda, se mantuvo en ofrecer un 10% por todo concepto a partir del corriente mes de marzo; sin considerar incluso incrementar un cinco por ciento (5 %), por zona desfavorable&#8221;, respecto a las provincias del sur desde La Pampa, hasta Tierra del Fuego&#8221;, se\u00f1alaron.<\/p>\n<p>M\u00e1s all\u00e1 de que en visi\u00f3n sindical el &#8220;reconocimiento hist\u00f3rico&#8221; a que la discusi\u00f3n paritaria de este sector se hizo realidad en 2015, el 10% respecto al valor hora promedio de labor de $144\/175 se traduce en subas de $14,40 o $17,50.<\/p>\n<p>Tampoco conform\u00f3 al sector gremial que desde el Gobierno se argumentara que dentro de esta actividad &#8220;la mayor\u00eda de los empleadores tambi\u00e9n son trabajadores&#8221;, porque el rigor de la cifra a\u00fan con diferente impacto en las cinco categor\u00edas determinadas para este rubro, &#8220;es muy escasa&#8221;, graficaron.<\/p>\n<p>Y en paralelo, no vinculante pero con incidencia comparativa, los trabajadores rurales de UATRE (ver recuadro) s\u00ed percibir\u00e1n la suma de $4.000 como lo determinaron los decretos que refrend\u00f3 el Poder Ejecutivo.<\/p>\n<p>Definida la cuesti\u00f3n sin acuerdo para el beneficio &#8220;en la t\u00f3nica de las medidas anticrisis&#8221;, los pr\u00f3ximos pasos de este sector de servicios estar\u00e1n en una reuni\u00f3n fijada para el 7 de abril, sobre temas m\u00e1s all\u00e1 de lo salarial y la apertura paritaria 2020.<\/p>\n","protected":false},"excerpt":{"rendered":"<p>El Gobierno decidi\u00f3 otorgar un 10% de mejora a los trabajadores\/as de casas particulares, sobre valores salariales de diciembre 2019 y que har\u00e1 efectiva por resoluci\u00f3n, pese al rechazo de los representantes gremiales cerrando as\u00ed la mesa donde se discuti\u00f3 el adicional que dentro de los fundamentos de las mejoras otorgadas a privados y estatales se debati\u00f3 el viernes y en la v\u00edspera &nbsp; &nbsp; Funcionarios de la carteras de Trabajo, Econom\u00eda y Desarrollo Social explicaron durante gran parte de la reuni\u00f3n, que se extendi\u00f3 por dos horas en el&#8230;<\/p>\n","protected":false},"author":3,"featured_media":58620,"comment_status":"closed","ping_status":"closed","sticky":false,"template":"","format":"standard","meta":[],"categories":[2],"tags":[],"_links":{"self":[{"href":"https:\/\/www.actualidadadiario.com\/index.php\/wp-json\/wp\/v2\/posts\/58619"}],"collection":[{"href":"https:\/\/www.actualidadadiario.com\/index.php\/wp-json\/wp\/v2\/posts"}],"about":[{"href":"https:\/\/www.actualidadadiario.com\/index.php\/wp-json\/wp\/v2\/types\/post"}],"author":[{"embeddable":true,"href":"https:\/\/www.actualidadadiario.com\/index.php\/wp-json\/wp\/v2\/users\/3"}],"replies":[{"embeddable":true,"href":"https:\/\/www.actualidadadiario.com\/index.php\/wp-json\/wp\/v2\/comments?post=58619"}],"version-history":[{"count":1,"href":"https:\/\/www.actualidadadiario.com\/index.php\/wp-json\/wp\/v2\/posts\/58619\/revisions"}],"predecessor-version":[{"id":58621,"href":"https:\/\/www.actualidadadiario.com\/index.php\/wp-json\/wp\/v2\/posts\/58619\/revisions\/58621"}],"wp:featuredmedia":[{"embeddable":true,"href":"https:\/\/www.actualidadadiario.com\/index.php\/wp-json\/wp\/v2\/media\/58620"}],"wp:attachment":[{"href":"https:\/\/www.actualidadadiario.com\/index.php\/wp-json\/wp\/v2\/media?parent=58619"}],"wp:term":[{"taxonomy":"category","embeddable":true,"href":"https:\/\/www.actualidadadiario.com\/index.php\/wp-json\/wp\/v2\/categories?post=58619"},{"taxonomy":"post_tag","embeddable":true,"href":"https:\/\/www.actualidadadiario.com\/index.php\/wp-json\/wp\/v2\/tags?post=58619"}],"curies":[{"name":"wp","href":"https:\/\/api.w.org\/{rel}","templated":true}]}}