{"id":58617,"date":"2020-03-05T10:15:40","date_gmt":"2020-03-05T13:15:40","guid":{"rendered":"https:\/\/www.actualidadadiario.com\/?p=58617"},"modified":"2020-03-05T10:15:40","modified_gmt":"2020-03-05T13:15:40","slug":"afirman-que-la-caida-de-la-economia-podria-estar-encontrando-su-piso","status":"publish","type":"post","link":"https:\/\/www.actualidadadiario.com\/index.php\/2020\/03\/05\/afirman-que-la-caida-de-la-economia-podria-estar-encontrando-su-piso\/","title":{"rendered":"Afirman que la ca\u00edda de la econom\u00eda podr\u00eda estar encontrando su piso"},"content":{"rendered":"<p style=\"text-align: center;\"><em><strong>La econom\u00eda respondi\u00f3 positivamente a las primeras medidas incluidas en la Ley de Solidaridad y el nivel de actividad estar\u00eda encontrando &#8220;el piso de su ca\u00edda&#8221;, afirm\u00f3 la Fundaci\u00f3n de Investigaciones para el Desarrollo (FIDE)<\/strong><\/em><\/p>\n<p>&nbsp;<\/p>\n<p>&#8220;La actividad econ\u00f3mica estar\u00eda encontrando el piso de su ca\u00edda; y aunque es pronto para hablar de un cambio de tendencia, hacia enero de 2020 una serie de indicadores muestran que la econom\u00eda ha respondido positivamente a la primera vuelta de incentivos del paquete de emergencia&#8221;, asegur\u00f3 FIDE en un informe difundido ayer.<\/p>\n<p>Seg\u00fan el trabajo, &#8220;desde hace casi dos a\u00f1os, la econom\u00eda argentina no para de caer; entre mayo de 2018 y diciembre de 2019 registr\u00f3 m\u00e1s de 20 meses de contracci\u00f3n continua, solo interrumpida brevemente en mayo de 2019 por el efecto estad\u00edstico de la normalizaci\u00f3n de la cosecha gruesa luego de la sequ\u00eda 2018&#8221;.<\/p>\n<p>&#8220;Desde mayo de 2018 la actividad econ\u00f3mica se contrajo un 14%, alcanzando niveles de utilizaci\u00f3n de capacidad instalada de m\u00ednimos hist\u00f3ricos. Un retroceso de tal magnitud solo es comparable con la crisis de 2001&#8221;, record\u00f3.<\/p>\n<p>No obstante, seg\u00fan FIDE, las medidas aplicadas por el Gobierno en el marco de la Ley de Solidaridad ya empiezan a mostrar &#8220;efectos positivos&#8221;.<\/p>\n<p>&#8220;Ahora se ha ingresado en otra etapa. La materia m\u00e1s dif\u00edcil de la pol\u00edtica econ\u00f3mica orientada a la recuperaci\u00f3n es lidiar con la inercia contractiva de un per\u00edodo tan prolongado de tiempo&#8221;, sostuvo la fundaci\u00f3n.<\/p>\n<p>Seg\u00fan FIDE, a partir de estas medidas se logr\u00f3 consolidar un proceso de relativa estabilizaci\u00f3n macroecon\u00f3mica. Los controles cambiarios y el super\u00e1vit de cuenta corriente han servido como anclas de esa estabilidad.<\/p>\n<p>&#8220;Con la demanda externa fuera de la ecuaci\u00f3n, la apuesta de corto plazo deber\u00e1 estar centrada en lo que suceda con la demanda interna&#8221;, advirti\u00f3 el trabajo.<\/p>\n<p>Y agreg\u00f3: &#8220;En cuanto al sector p\u00fablico, y al menos durante esta primera etapa marcada por el cronograma de reestructuraci\u00f3n de deuda, no es esperable que la pol\u00edtica fiscal abandone el enfoque de gasto compensado y vire hacia una pol\u00edtica de gasto m\u00e1s expansiva&#8221;.<\/p>\n<p>En este sentido, seg\u00fan FIDE, el impulso deber\u00e1 venir desde el sector privado y a partir de la recomposici\u00f3n del poder adquisitivo que traccione el consumo interno.<\/p>\n","protected":false},"excerpt":{"rendered":"<p>La econom\u00eda respondi\u00f3 positivamente a las primeras medidas incluidas en la Ley de Solidaridad y el nivel de actividad estar\u00eda encontrando &#8220;el piso de su ca\u00edda&#8221;, afirm\u00f3 la Fundaci\u00f3n de Investigaciones para el Desarrollo (FIDE) &nbsp; &#8220;La actividad econ\u00f3mica estar\u00eda encontrando el piso de su ca\u00edda; y aunque es pronto para hablar de un cambio de tendencia, hacia enero de 2020 una serie de indicadores muestran que la econom\u00eda ha respondido positivamente a la primera vuelta de incentivos del paquete de emergencia&#8221;, asegur\u00f3 FIDE en un informe difundido ayer. Seg\u00fan&#8230;<\/p>\n","protected":false},"author":3,"featured_media":57454,"comment_status":"closed","ping_status":"closed","sticky":false,"template":"","format":"standard","meta":[],"categories":[2],"tags":[],"_links":{"self":[{"href":"https:\/\/www.actualidadadiario.com\/index.php\/wp-json\/wp\/v2\/posts\/58617"}],"collection":[{"href":"https:\/\/www.actualidadadiario.com\/index.php\/wp-json\/wp\/v2\/posts"}],"about":[{"href":"https:\/\/www.actualidadadiario.com\/index.php\/wp-json\/wp\/v2\/types\/post"}],"author":[{"embeddable":true,"href":"https:\/\/www.actualidadadiario.com\/index.php\/wp-json\/wp\/v2\/users\/3"}],"replies":[{"embeddable":true,"href":"https:\/\/www.actualidadadiario.com\/index.php\/wp-json\/wp\/v2\/comments?post=58617"}],"version-history":[{"count":1,"href":"https:\/\/www.actualidadadiario.com\/index.php\/wp-json\/wp\/v2\/posts\/58617\/revisions"}],"predecessor-version":[{"id":58618,"href":"https:\/\/www.actualidadadiario.com\/index.php\/wp-json\/wp\/v2\/posts\/58617\/revisions\/58618"}],"wp:featuredmedia":[{"embeddable":true,"href":"https:\/\/www.actualidadadiario.com\/index.php\/wp-json\/wp\/v2\/media\/57454"}],"wp:attachment":[{"href":"https:\/\/www.actualidadadiario.com\/index.php\/wp-json\/wp\/v2\/media?parent=58617"}],"wp:term":[{"taxonomy":"category","embeddable":true,"href":"https:\/\/www.actualidadadiario.com\/index.php\/wp-json\/wp\/v2\/categories?post=58617"},{"taxonomy":"post_tag","embeddable":true,"href":"https:\/\/www.actualidadadiario.com\/index.php\/wp-json\/wp\/v2\/tags?post=58617"}],"curies":[{"name":"wp","href":"https:\/\/api.w.org\/{rel}","templated":true}]}}