{"id":58611,"date":"2020-03-05T10:14:06","date_gmt":"2020-03-05T13:14:06","guid":{"rendered":"https:\/\/www.actualidadadiario.com\/?p=58611"},"modified":"2020-03-05T10:14:06","modified_gmt":"2020-03-05T13:14:06","slug":"hay-dengue-en-catorce-provincias","status":"publish","type":"post","link":"https:\/\/www.actualidadadiario.com\/index.php\/2020\/03\/05\/hay-dengue-en-catorce-provincias\/","title":{"rendered":"Hay dengue en catorce provincias"},"content":{"rendered":"<p style=\"text-align: center;\"><em><strong>Con m\u00e1s de mil casos en 14 provincias, el dengue es uno de los problemas sanitarios m\u00e1s graves de la Argentina. Se espera que la cantidad de casos aumente, ya que falta todav\u00eda para que se registre el pico de la enfermedad y la llegada del fr\u00edo disminuya la reproducci\u00f3n y circulaci\u00f3n del mosquito vector<\/strong><\/em><\/p>\n<p>&nbsp;<\/p>\n<p>&nbsp;<\/p>\n<p>El ministro de Salud de Corrientes, Ricardo Cardozo, inform\u00f3 este mi\u00e9rcoles que ya son m\u00e1s de 120 los casos de dengue confirmados en la provincia. \u201cD\u00eda a d\u00eda van sum\u00e1ndose casos en distintas localidades, cerramos la semana pasada con 101 pacientes y hoy estamos con m\u00e1s de 120\u201d, dijo el funcionario. Y se\u00f1al\u00f3 que si bien est\u00e1n \u201catentos\u201d al coronavirus, \u201choy tenemos dengue, eso es lo que m\u00e1s nos preocupa y estamos trabajando muy fuerte\u201d.<\/p>\n<p>Respecto de las causas de la propagaci\u00f3n de la enfermedad, sostuvo que \u201cla gente no se protege y en lo macro, Corrientes siempre est\u00e1 amenazada\u201d. Cardozo dijo a Radio Dos que \u201cdebemos tener en cuenta la localizaci\u00f3n geogr\u00e1fica de la provincia, lindante con pa\u00edses con una circulaci\u00f3n viral muy fuerte como Brasil y Paraguay\u201d.<\/p>\n<p>\u201cEstamos en el momento en que la curva comienza a ascender de manera importante\u201d, expres\u00f3 sobre los casos de la enfermedad en Corrientes. &#8220;Las altas temperaturas hacen propicia la eclosi\u00f3n de las larvas del mosquito Aedes aegypti&#8221;, se\u00f1al\u00f3 Cardozo.\u00a0 El ministro de Salud dijo que \u201cse est\u00e1n llevando adelante las acciones en toda la provincia para combatir a los mosquitos y erradicar sus larvas\u201d. Y sobre el coronavirus expres\u00f3 que &#8220;estamos atentos, en contacto con los directores de hospitales. Vamos a hacer una reuni\u00f3n importante ma\u00f1ana&#8221;.<\/p>\n<p>En tanto, en Misiones, un turista alem\u00e1n permanec\u00eda internado en una cl\u00ednica privada de Puerto Iguaz\u00fa con diagn\u00f3stico positivo de dengue, pero el Ministerio de Salud de la provincia tambi\u00e9n activ\u00f3 preventivamente el protocolo previsto para coronavirus, por lo que el paciente permanecer\u00e1 aislado hasta resultados definitivos.<\/p>\n<p>Hasta ahora, s\u00f3lo se sabe que el joven lleg\u00f3 hace 10 d\u00edas a la Argentina y ayer se present\u00f3 en la cl\u00ednica con fiebre y tos, lo que motiv\u00f3 a los profesionales a internarlo y tomar las muestras correspondientes para saber si se trataba o no del COVID-19. Las muestras fueron enviadas al Instituto Malbr\u00e1n.<\/p>\n<p>Este mi\u00e9rcoles, el ministro de Salud, Oscar Alarc\u00f3n, confirm\u00f3 que el paciente dio positivo para dengue, pero que, de todas maneras, hasta que haya un resultado de los tests para determinar la presencia o no del coronavirus, permanecer\u00e1 aislado en el hospital de Puerto Iguaz\u00fa al que fue trasladado en las \u00faltimas horas. En ese marco, el funcionario precis\u00f3 que, de todas maneras, \u201cse activ\u00f3 el protocolo de coronavirus\u201d por el nexo epidemiol\u00f3gico con Europa.<\/p>\n<p>Por otra parte, el Sistema Provincial de Salud (Sirposa) de Tucum\u00e1n inform\u00f3 que son 22 los casos de dengue registrados, 21 de los cuales son aut\u00f3ctonos, y anunci\u00f3 una intensificaci\u00f3n de las medidas de prevenci\u00f3n y contenci\u00f3n. El director de Epidemiolog\u00eda del Siprosa, Rogelio Cali, no descart\u00f3 que a ra\u00edz de la presi\u00f3n epidemiol\u00f3gica (provincias y pa\u00edses vecinos que registran muchos casos de dengue) Tucum\u00e1n pueda tener una nueva epidemia, como ocurri\u00f3 en 2009 y en 2016.<\/p>\n<p>El especialista explic\u00f3 que en esos a\u00f1os la cepa del virus que hab\u00eda en Tucum\u00e1n era DEN 1 y ahora es DEN 4, lo cual pone a la provincia en alerta porque se incrementa la posibilidad de tener cuadros graves, ya que si una persona tuvo DEN 1 y ahora se contagiara de DEN 4 podr\u00eda manifestar dengue hemorr\u00e1gico.<\/p>\n<p>En tanto, el Ministerio de Salud de Entre R\u00edos detall\u00f3 que se confirmaron 52 casos de dengue en toda la provincia, y que existen dos casos posibles de sarampi\u00f3n.<\/p>\n<p>Y personal de la Municipalidad de La Plata comenz\u00f3 a vaciar este mi\u00e9rcoles las fuentes p\u00fablicas de la ciudad como parte de las acciones preventivas que se llevan a cabo para evitar la reproducci\u00f3n del mosquito transmisor del dengue, enfermedad que ya ocasion\u00f3 19 contagiados en la capital bonaerense.<\/p>\n","protected":false},"excerpt":{"rendered":"<p>Con m\u00e1s de mil casos en 14 provincias, el dengue es uno de los problemas sanitarios m\u00e1s graves de la Argentina. Se espera que la cantidad de casos aumente, ya que falta todav\u00eda para que se registre el pico de la enfermedad y la llegada del fr\u00edo disminuya la reproducci\u00f3n y circulaci\u00f3n del mosquito vector &nbsp; &nbsp; El ministro de Salud de Corrientes, Ricardo Cardozo, inform\u00f3 este mi\u00e9rcoles que ya son m\u00e1s de 120 los casos de dengue confirmados en la provincia. \u201cD\u00eda a d\u00eda van sum\u00e1ndose casos en distintas&#8230;<\/p>\n","protected":false},"author":3,"featured_media":58612,"comment_status":"closed","ping_status":"closed","sticky":false,"template":"","format":"standard","meta":[],"categories":[9],"tags":[],"_links":{"self":[{"href":"https:\/\/www.actualidadadiario.com\/index.php\/wp-json\/wp\/v2\/posts\/58611"}],"collection":[{"href":"https:\/\/www.actualidadadiario.com\/index.php\/wp-json\/wp\/v2\/posts"}],"about":[{"href":"https:\/\/www.actualidadadiario.com\/index.php\/wp-json\/wp\/v2\/types\/post"}],"author":[{"embeddable":true,"href":"https:\/\/www.actualidadadiario.com\/index.php\/wp-json\/wp\/v2\/users\/3"}],"replies":[{"embeddable":true,"href":"https:\/\/www.actualidadadiario.com\/index.php\/wp-json\/wp\/v2\/comments?post=58611"}],"version-history":[{"count":1,"href":"https:\/\/www.actualidadadiario.com\/index.php\/wp-json\/wp\/v2\/posts\/58611\/revisions"}],"predecessor-version":[{"id":58613,"href":"https:\/\/www.actualidadadiario.com\/index.php\/wp-json\/wp\/v2\/posts\/58611\/revisions\/58613"}],"wp:featuredmedia":[{"embeddable":true,"href":"https:\/\/www.actualidadadiario.com\/index.php\/wp-json\/wp\/v2\/media\/58612"}],"wp:attachment":[{"href":"https:\/\/www.actualidadadiario.com\/index.php\/wp-json\/wp\/v2\/media?parent=58611"}],"wp:term":[{"taxonomy":"category","embeddable":true,"href":"https:\/\/www.actualidadadiario.com\/index.php\/wp-json\/wp\/v2\/categories?post=58611"},{"taxonomy":"post_tag","embeddable":true,"href":"https:\/\/www.actualidadadiario.com\/index.php\/wp-json\/wp\/v2\/tags?post=58611"}],"curies":[{"name":"wp","href":"https:\/\/api.w.org\/{rel}","templated":true}]}}