{"id":58608,"date":"2020-03-05T10:13:20","date_gmt":"2020-03-05T13:13:20","guid":{"rendered":"https:\/\/www.actualidadadiario.com\/?p=58608"},"modified":"2020-03-05T10:13:20","modified_gmt":"2020-03-05T13:13:20","slug":"el-lunes-no-habra-clases-en-entre-rios-agmer-se-suma-al-paro-de-mujeres","status":"publish","type":"post","link":"https:\/\/www.actualidadadiario.com\/index.php\/2020\/03\/05\/el-lunes-no-habra-clases-en-entre-rios-agmer-se-suma-al-paro-de-mujeres\/","title":{"rendered":"El lunes no habr\u00e1 clases en Entre R\u00edos: Agmer se suma al Paro de Mujeres"},"content":{"rendered":"<p style=\"text-align: center;\"><em><strong>La decisi\u00f3n del \u00faltimo Congreso de la entidad es que toda la docencia entrerriana se pliegue al Paro de Mujeres previsto para el lunes 9 de marzo. \u201cEntendemos que para que sea contundente, tiene que sumarse todo el colectivo de trabajadores\u201d, explic\u00f3 Ver\u00f3nica Veik, vocal de la comisi\u00f3n directiva central<\/strong><\/em><\/p>\n<p>&nbsp;<\/p>\n<p>&nbsp;<\/p>\n<p>\u201cSe dispuso por Congreso, como a\u00f1os anteriores, un paro en el marco de la jornada de lucha dispuesto para el lunes 9\u201d, explic\u00f3 Veik.<\/p>\n<p>Como el D\u00eda Internacional de la Mujer se conmemora el 8 de marzo, que este a\u00f1o cae domingo, el colectivo de mujeres resolvi\u00f3 trasladar las acciones al lunes 9 \u201cpara poder darle visibilidad a la protesta\u201d, apunt\u00f3 la Vocal.<\/p>\n<p>Luego aclar\u00f3 que \u201cla medida es para todo el gremio\u201d y que tanto mujeres como varones afiliados a Agmer se plegar\u00e1n al paro. \u201cEntendemos que, al ser un sindicato, para que la medida de fuerza sea contundente, tiene que ser de todo el colectivo de trabajadores\u201d, subray\u00f3 en ese sentido.<\/p>\n<p>Apunt\u00f3 que \u201cen todo caso ese d\u00eda el compa\u00f1ero puede ser quien sustituya a su compa\u00f1era en casa en las tareas de cuidado, para que ella pueda ir a la marcha\u201d.<\/p>\n<p>Luego coment\u00f3 que \u201cdesde hace muchos a\u00f1os\u201d Agmer se viene \u201csumando a las multisectoriales y las asambleas\u201d que se han formado en las distintas localidades entrerrianas, para participar de la organizaci\u00f3n de las actividades. \u201cEntendemos que las luchas tienen que ir enlazadas a las luchas de otras compa\u00f1eras que pertenecen a otros colectivos\u201d, expres\u00f3 al respecto.<\/p>\n<p><strong>Logros<\/strong><\/p>\n<p>Al reflexionar sobre la situaci\u00f3n de las mujeres en la docencia, Veik se\u00f1al\u00f3 que \u201cel trabajo docente es una de las tareas que est\u00e1n feminizadas\u201d y que \u201chist\u00f3ricamente se asocia a las tareas de cuidado, sobre todo en los primeros niveles de ense\u00f1anza\u201d. Apunt\u00f3 que \u201ceso fue generando una idiosincrasia y la mayor\u00eda de las que trabajan en la profesi\u00f3n docente son mujeres\u201d.<\/p>\n<p>Coment\u00f3 en Agmer\u00a0 \u201cm\u00e1s del 80% de las afiliadas son mujeres\u201d y que tambi\u00e9n son mujeres \u201cgran mayor\u00eda de delegadas a lo largo y ancho de la provincia\u201d.<\/p>\n<p>\u201cEn las Seccionales hay una enorme cantidad de compa\u00f1eras participando, y en muchos casos es mayor al 50% que se hab\u00eda planteado como piso\u201d, asever\u00f3 en di\u00e1logo con esta Agencia.<\/p>\n<p>Al respecto destac\u00f3 que \u201cel a\u00f1o pasado se obtuvo un logro, que fue producto de una lucha hist\u00f3rica, que es incorporar a nuestro Estatuto un piso de participaci\u00f3n en los cargos de representaci\u00f3n para las compa\u00f1eras, del 50%\u201d. Y aclar\u00f3: \u201cNo un cupo sino un piso\u201d.<\/p>\n<p>Mencion\u00f3 como otro logro \u201cla creaci\u00f3n de la Secretar\u00eda de G\u00e9nero tanto a nivel provincial y tambi\u00e9n en cada una de las seccionales\u201d, algo que tambi\u00e9n fue incorporado al Estatuto de Agmer.<\/p>\n<p>Para finalizar, la Vocal sostuvo que esto permite \u201cempezar a trabajar las problem\u00e1ticas en forma transversal y contar con una mirada diferente, incorporando la perspectiva de g\u00e9nero, cuando disputamos salarios, cuando trabajamos sobre el r\u00e9gimen de licencia, cuando pensamos toda normativa que tiene que ver con educaci\u00f3n\u201d.<\/p>\n","protected":false},"excerpt":{"rendered":"<p>La decisi\u00f3n del \u00faltimo Congreso de la entidad es que toda la docencia entrerriana se pliegue al Paro de Mujeres previsto para el lunes 9 de marzo. \u201cEntendemos que para que sea contundente, tiene que sumarse todo el colectivo de trabajadores\u201d, explic\u00f3 Ver\u00f3nica Veik, vocal de la comisi\u00f3n directiva central &nbsp; &nbsp; \u201cSe dispuso por Congreso, como a\u00f1os anteriores, un paro en el marco de la jornada de lucha dispuesto para el lunes 9\u201d, explic\u00f3 Veik. Como el D\u00eda Internacional de la Mujer se conmemora el 8 de marzo, que&#8230;<\/p>\n","protected":false},"author":3,"featured_media":58609,"comment_status":"closed","ping_status":"closed","sticky":false,"template":"","format":"standard","meta":[],"categories":[15],"tags":[],"_links":{"self":[{"href":"https:\/\/www.actualidadadiario.com\/index.php\/wp-json\/wp\/v2\/posts\/58608"}],"collection":[{"href":"https:\/\/www.actualidadadiario.com\/index.php\/wp-json\/wp\/v2\/posts"}],"about":[{"href":"https:\/\/www.actualidadadiario.com\/index.php\/wp-json\/wp\/v2\/types\/post"}],"author":[{"embeddable":true,"href":"https:\/\/www.actualidadadiario.com\/index.php\/wp-json\/wp\/v2\/users\/3"}],"replies":[{"embeddable":true,"href":"https:\/\/www.actualidadadiario.com\/index.php\/wp-json\/wp\/v2\/comments?post=58608"}],"version-history":[{"count":1,"href":"https:\/\/www.actualidadadiario.com\/index.php\/wp-json\/wp\/v2\/posts\/58608\/revisions"}],"predecessor-version":[{"id":58610,"href":"https:\/\/www.actualidadadiario.com\/index.php\/wp-json\/wp\/v2\/posts\/58608\/revisions\/58610"}],"wp:featuredmedia":[{"embeddable":true,"href":"https:\/\/www.actualidadadiario.com\/index.php\/wp-json\/wp\/v2\/media\/58609"}],"wp:attachment":[{"href":"https:\/\/www.actualidadadiario.com\/index.php\/wp-json\/wp\/v2\/media?parent=58608"}],"wp:term":[{"taxonomy":"category","embeddable":true,"href":"https:\/\/www.actualidadadiario.com\/index.php\/wp-json\/wp\/v2\/categories?post=58608"},{"taxonomy":"post_tag","embeddable":true,"href":"https:\/\/www.actualidadadiario.com\/index.php\/wp-json\/wp\/v2\/tags?post=58608"}],"curies":[{"name":"wp","href":"https:\/\/api.w.org\/{rel}","templated":true}]}}