{"id":58604,"date":"2020-03-05T10:11:54","date_gmt":"2020-03-05T13:11:54","guid":{"rendered":"https:\/\/www.actualidadadiario.com\/?p=58604"},"modified":"2020-03-05T10:11:54","modified_gmt":"2020-03-05T13:11:54","slug":"diputados-sesionara-la-proxima-semana","status":"publish","type":"post","link":"https:\/\/www.actualidadadiario.com\/index.php\/2020\/03\/05\/diputados-sesionara-la-proxima-semana\/","title":{"rendered":"Diputados sesionar\u00e1 la pr\u00f3xima semana"},"content":{"rendered":"<p style=\"text-align: center;\"><em><strong>La C\u00e1mara de Diputados de la Provincia fue convocada sesionar el pr\u00f3ximo martes 10 de marzo a las 19. Ser\u00e1 la primera sesi\u00f3n ordinaria del a\u00f1o<\/strong><\/em><\/p>\n<p>&nbsp;<\/p>\n<p>&nbsp;<\/p>\n<p>La convocatoria se confirm\u00f3 este mi\u00e9rcoles por la ma\u00f1ana. Ser\u00e1 la primera que realiza el cuerpo desde que el gobernador Gustavo Bordet abriere el a\u00f1o legislativo el pasado 15 de febrero.<\/p>\n","protected":false},"excerpt":{"rendered":"<p>La C\u00e1mara de Diputados de la Provincia fue convocada sesionar el pr\u00f3ximo martes 10 de marzo a las 19. Ser\u00e1 la primera sesi\u00f3n ordinaria del a\u00f1o &nbsp; &nbsp; La convocatoria se confirm\u00f3 este mi\u00e9rcoles por la ma\u00f1ana. Ser\u00e1 la primera que realiza el cuerpo desde que el gobernador Gustavo Bordet abriere el a\u00f1o legislativo el pasado 15 de febrero.<\/p>\n","protected":false},"author":3,"featured_media":58140,"comment_status":"closed","ping_status":"closed","sticky":false,"template":"","format":"standard","meta":[],"categories":[15],"tags":[],"_links":{"self":[{"href":"https:\/\/www.actualidadadiario.com\/index.php\/wp-json\/wp\/v2\/posts\/58604"}],"collection":[{"href":"https:\/\/www.actualidadadiario.com\/index.php\/wp-json\/wp\/v2\/posts"}],"about":[{"href":"https:\/\/www.actualidadadiario.com\/index.php\/wp-json\/wp\/v2\/types\/post"}],"author":[{"embeddable":true,"href":"https:\/\/www.actualidadadiario.com\/index.php\/wp-json\/wp\/v2\/users\/3"}],"replies":[{"embeddable":true,"href":"https:\/\/www.actualidadadiario.com\/index.php\/wp-json\/wp\/v2\/comments?post=58604"}],"version-history":[{"count":1,"href":"https:\/\/www.actualidadadiario.com\/index.php\/wp-json\/wp\/v2\/posts\/58604\/revisions"}],"predecessor-version":[{"id":58605,"href":"https:\/\/www.actualidadadiario.com\/index.php\/wp-json\/wp\/v2\/posts\/58604\/revisions\/58605"}],"wp:featuredmedia":[{"embeddable":true,"href":"https:\/\/www.actualidadadiario.com\/index.php\/wp-json\/wp\/v2\/media\/58140"}],"wp:attachment":[{"href":"https:\/\/www.actualidadadiario.com\/index.php\/wp-json\/wp\/v2\/media?parent=58604"}],"wp:term":[{"taxonomy":"category","embeddable":true,"href":"https:\/\/www.actualidadadiario.com\/index.php\/wp-json\/wp\/v2\/categories?post=58604"},{"taxonomy":"post_tag","embeddable":true,"href":"https:\/\/www.actualidadadiario.com\/index.php\/wp-json\/wp\/v2\/tags?post=58604"}],"curies":[{"name":"wp","href":"https:\/\/api.w.org\/{rel}","templated":true}]}}