{"id":58600,"date":"2020-03-05T10:11:02","date_gmt":"2020-03-05T13:11:02","guid":{"rendered":"https:\/\/www.actualidadadiario.com\/?p=58600"},"modified":"2020-03-05T10:11:02","modified_gmt":"2020-03-05T13:11:02","slug":"la-diputada-osuna-se-reunio-con-el-ministro-trotta","status":"publish","type":"post","link":"https:\/\/www.actualidadadiario.com\/index.php\/2020\/03\/05\/la-diputada-osuna-se-reunio-con-el-ministro-trotta\/","title":{"rendered":"La diputada Osuna se reuni\u00f3 con el ministro Trotta"},"content":{"rendered":"<p style=\"text-align: center;\"><em><strong>La diputada nacional Blanca Osuna (Frente de Todos) y el Ministro de Educaci\u00f3n de la Naci\u00f3n, Nicol\u00e1s Trotta, mantuvieron un encuentro para avanzar de cara a la agenda educativa 2020 y trabajar mancomunadamente en temas estrat\u00e9gicos. La futura Ley de Educaci\u00f3n Superior y la implementaci\u00f3n del Programa de Educaci\u00f3n Sexual Integral (ESI) fueron dos de los temas sobre los que dialogaron<\/strong><\/em><\/p>\n<p>&nbsp;<\/p>\n<p>Durante el encuentro, que se llev\u00f3 a cabo en la cartera de Educaci\u00f3n, el Ministro y la Diputada priorizaron tem\u00e1ticas como la futura Ley de Educaci\u00f3n Superior, la implementaci\u00f3n del Programa de Educaci\u00f3n Sexual Integral (ESI) y la necesidad de trabajar en conjunto en la soluci\u00f3n de los problemas que la pobreza y el hambre generan en el cumplimiento del derecho a la educaci\u00f3n.<\/p>\n<p>En ese sentido, la legisladora del Frente de Todos asegur\u00f3 que \u201cla atenci\u00f3n de la desigualdad educativa que afecta a nuestros estudiantes, como consecuencia de las pol\u00edticas implementadas por el gobierno anterior, deben ser la prioridad de nuestro gobierno, en donde con acciones claras ya empezamos a poner en marcha varias de nuestras herramientas\u201d.<\/p>\n<p>La Diputada destac\u00f3 adem\u00e1s que \u201cjunto al Ministro avanzamos en el pedido del Presidente de la Naci\u00f3n de trabajar de manera conjunta en la conformaci\u00f3n y concreci\u00f3n del proyecto de la futura y necesaria Ley de Educaci\u00f3n Superior. Asimismo, conversamos sobre la importancia de la implementaci\u00f3n correcta de las ESI\u201d.<\/p>\n<p>Por \u00faltimo la legisladora afirm\u00f3 que \u201cha sido un encuentro muy productivos en donde coincidimos en lo importante que ser\u00e1 avanzar en el cumplimiento efectivo de las leyes de educaci\u00f3n que tienen vigencia en el pa\u00eds y se incumplieron durante el anterior gobierno, porque como dijo Alberto Fern\u00e1ndez, debemos garantizar el derecho a la educaci\u00f3n con acciones y un Estado que est\u00e9 cerca de todos y todas\u201d.<\/p>\n","protected":false},"excerpt":{"rendered":"<p>La diputada nacional Blanca Osuna (Frente de Todos) y el Ministro de Educaci\u00f3n de la Naci\u00f3n, Nicol\u00e1s Trotta, mantuvieron un encuentro para avanzar de cara a la agenda educativa 2020 y trabajar mancomunadamente en temas estrat\u00e9gicos. La futura Ley de Educaci\u00f3n Superior y la implementaci\u00f3n del Programa de Educaci\u00f3n Sexual Integral (ESI) fueron dos de los temas sobre los que dialogaron &nbsp; Durante el encuentro, que se llev\u00f3 a cabo en la cartera de Educaci\u00f3n, el Ministro y la Diputada priorizaron tem\u00e1ticas como la futura Ley de Educaci\u00f3n Superior, la&#8230;<\/p>\n","protected":false},"author":3,"featured_media":58601,"comment_status":"closed","ping_status":"closed","sticky":false,"template":"","format":"standard","meta":[],"categories":[15],"tags":[],"_links":{"self":[{"href":"https:\/\/www.actualidadadiario.com\/index.php\/wp-json\/wp\/v2\/posts\/58600"}],"collection":[{"href":"https:\/\/www.actualidadadiario.com\/index.php\/wp-json\/wp\/v2\/posts"}],"about":[{"href":"https:\/\/www.actualidadadiario.com\/index.php\/wp-json\/wp\/v2\/types\/post"}],"author":[{"embeddable":true,"href":"https:\/\/www.actualidadadiario.com\/index.php\/wp-json\/wp\/v2\/users\/3"}],"replies":[{"embeddable":true,"href":"https:\/\/www.actualidadadiario.com\/index.php\/wp-json\/wp\/v2\/comments?post=58600"}],"version-history":[{"count":1,"href":"https:\/\/www.actualidadadiario.com\/index.php\/wp-json\/wp\/v2\/posts\/58600\/revisions"}],"predecessor-version":[{"id":58602,"href":"https:\/\/www.actualidadadiario.com\/index.php\/wp-json\/wp\/v2\/posts\/58600\/revisions\/58602"}],"wp:featuredmedia":[{"embeddable":true,"href":"https:\/\/www.actualidadadiario.com\/index.php\/wp-json\/wp\/v2\/media\/58601"}],"wp:attachment":[{"href":"https:\/\/www.actualidadadiario.com\/index.php\/wp-json\/wp\/v2\/media?parent=58600"}],"wp:term":[{"taxonomy":"category","embeddable":true,"href":"https:\/\/www.actualidadadiario.com\/index.php\/wp-json\/wp\/v2\/categories?post=58600"},{"taxonomy":"post_tag","embeddable":true,"href":"https:\/\/www.actualidadadiario.com\/index.php\/wp-json\/wp\/v2\/tags?post=58600"}],"curies":[{"name":"wp","href":"https:\/\/api.w.org\/{rel}","templated":true}]}}