{"id":58598,"date":"2020-03-05T10:10:17","date_gmt":"2020-03-05T13:10:17","guid":{"rendered":"https:\/\/www.actualidadadiario.com\/?p=58598"},"modified":"2020-03-05T10:10:17","modified_gmt":"2020-03-05T13:10:17","slug":"el-iosper-ampliara-las-prestaciones-de-radioterapia-en-la-costa-del-uruguay","status":"publish","type":"post","link":"https:\/\/www.actualidadadiario.com\/index.php\/2020\/03\/05\/el-iosper-ampliara-las-prestaciones-de-radioterapia-en-la-costa-del-uruguay\/","title":{"rendered":"El Iosper ampliar\u00e1 las prestaciones de radioterapia en la costa del Uruguay"},"content":{"rendered":"<p style=\"text-align: center;\"><em><strong>El Instituto Obra Social de la Provincia de Entre R\u00edos (Iosper) acord\u00f3 con Radioterapia Concordia ampliar las pr\u00e1cticas de radioterapia para pacientes de la costa del Uruguay, confirm\u00f3 el Gerente de Administraci\u00f3n, Arnoldo Schmidt<\/strong><\/em><\/p>\n<p>&nbsp;<\/p>\n<p>&nbsp;<\/p>\n<p>En la audiencia entre las autoridades de Iosper y de Radioterapia Concordia, se\u00a0 defini\u00f3 firmar un acuerdo &#8211; mediante la Federaci\u00f3n M\u00e9dica Entre R\u00edos (Femer)- para ampliar las prestaciones que se brindan en la costa del Uruguay, indic\u00f3 Schmidt.<\/p>\n<p>Al respecto, el contador explic\u00f3 que la empresa ya brinda el servicio de Radioterapia de Intensidad Modulada (IMRT), mediante un convenio vigente que se firm\u00f3 con Femer, y que se ampliar\u00e1 para incorporar pr\u00e1cticas de radioterapia 3D, braquiterapia ginecol\u00f3gica y radio cirug\u00eda.<\/p>\n<p>En ese sentido, el Gerente de Administraci\u00f3n destac\u00f3 que hubo acuerdo en cuanto a los valores y las pr\u00e1cticas, por lo que en breve se firmar\u00e1 el acuerdo para ampliar las prestaciones.<\/p>\n<p>Sin embargo, Schmidt aclar\u00f3 que \u201ctodas pr\u00e1cticas que se har\u00e1n en esa instituci\u00f3n de Concordia llevar\u00e1n auditor\u00eda m\u00e9dica previa de la obra social&#8221;.<\/p>\n<p>En ese marco, la Gerenta Prestacional, Valeria Kunzi, destac\u00f3 \u201cel compromiso de la obra social de ampliar las coberturas para los afiliados de Iosper, cuidando los recursos de nuestra prestadora de salud\u201d.<\/p>\n","protected":false},"excerpt":{"rendered":"<p>El Instituto Obra Social de la Provincia de Entre R\u00edos (Iosper) acord\u00f3 con Radioterapia Concordia ampliar las pr\u00e1cticas de radioterapia para pacientes de la costa del Uruguay, confirm\u00f3 el Gerente de Administraci\u00f3n, Arnoldo Schmidt &nbsp; &nbsp; En la audiencia entre las autoridades de Iosper y de Radioterapia Concordia, se\u00a0 defini\u00f3 firmar un acuerdo &#8211; mediante la Federaci\u00f3n M\u00e9dica Entre R\u00edos (Femer)- para ampliar las prestaciones que se brindan en la costa del Uruguay, indic\u00f3 Schmidt. Al respecto, el contador explic\u00f3 que la empresa ya brinda el servicio de Radioterapia de&#8230;<\/p>\n","protected":false},"author":3,"featured_media":48799,"comment_status":"closed","ping_status":"closed","sticky":false,"template":"","format":"standard","meta":[],"categories":[15],"tags":[],"_links":{"self":[{"href":"https:\/\/www.actualidadadiario.com\/index.php\/wp-json\/wp\/v2\/posts\/58598"}],"collection":[{"href":"https:\/\/www.actualidadadiario.com\/index.php\/wp-json\/wp\/v2\/posts"}],"about":[{"href":"https:\/\/www.actualidadadiario.com\/index.php\/wp-json\/wp\/v2\/types\/post"}],"author":[{"embeddable":true,"href":"https:\/\/www.actualidadadiario.com\/index.php\/wp-json\/wp\/v2\/users\/3"}],"replies":[{"embeddable":true,"href":"https:\/\/www.actualidadadiario.com\/index.php\/wp-json\/wp\/v2\/comments?post=58598"}],"version-history":[{"count":1,"href":"https:\/\/www.actualidadadiario.com\/index.php\/wp-json\/wp\/v2\/posts\/58598\/revisions"}],"predecessor-version":[{"id":58599,"href":"https:\/\/www.actualidadadiario.com\/index.php\/wp-json\/wp\/v2\/posts\/58598\/revisions\/58599"}],"wp:featuredmedia":[{"embeddable":true,"href":"https:\/\/www.actualidadadiario.com\/index.php\/wp-json\/wp\/v2\/media\/48799"}],"wp:attachment":[{"href":"https:\/\/www.actualidadadiario.com\/index.php\/wp-json\/wp\/v2\/media?parent=58598"}],"wp:term":[{"taxonomy":"category","embeddable":true,"href":"https:\/\/www.actualidadadiario.com\/index.php\/wp-json\/wp\/v2\/categories?post=58598"},{"taxonomy":"post_tag","embeddable":true,"href":"https:\/\/www.actualidadadiario.com\/index.php\/wp-json\/wp\/v2\/tags?post=58598"}],"curies":[{"name":"wp","href":"https:\/\/api.w.org\/{rel}","templated":true}]}}