{"id":58593,"date":"2020-03-05T10:09:04","date_gmt":"2020-03-05T13:09:04","guid":{"rendered":"https:\/\/www.actualidadadiario.com\/?p=58593"},"modified":"2020-03-05T10:09:04","modified_gmt":"2020-03-05T13:09:04","slug":"salud-brindo-datos-epidemiologicos-de-la-provincia-y-presento-el-comite-de-organizacion-de-emergencia","status":"publish","type":"post","link":"https:\/\/www.actualidadadiario.com\/index.php\/2020\/03\/05\/salud-brindo-datos-epidemiologicos-de-la-provincia-y-presento-el-comite-de-organizacion-de-emergencia\/","title":{"rendered":"Salud brind\u00f3 datos epidemiol\u00f3gicos de la provincia y present\u00f3 el Comit\u00e9 de Organizaci\u00f3n de Emergencia"},"content":{"rendered":"<p style=\"text-align: center;\"><em><strong>El Ministerio de Salud entrerriano expuso un panorama de la situaci\u00f3n epidemiol\u00f3gica en la provincia en materia de dengue, coberturas de vacunaci\u00f3n en sarampi\u00f3n y las medidas adoptadas por el sistema sanitario ante la confirmaci\u00f3n de coronavirus (Covid-19) en el pa\u00eds<\/strong><\/em><\/p>\n<p>&nbsp;<\/p>\n<p>La ministra de Salud, Sonia Vel\u00e1zquez, presidi\u00f3 una conferencia de prensa en la que se brind\u00f3 el mapa epidemiol\u00f3gico actualizado de los emergentes sanitarios priorizados (dengue, sarampi\u00f3n y coronavirus) en la provincia. Durante la actividad, que se desarroll\u00f3 en la Sala de Situaci\u00f3n de la cartera, se inform\u00f3 la conformaci\u00f3n de un Comit\u00e9 de Organizaci\u00f3n de Emergencia en Salud, que coordinar\u00e1 e implementar\u00e1 las estrategias y acciones para el tratamiento de estas patolog\u00edas infecciosas transmisibles.<\/p>\n<p>La funcionaria indic\u00f3: \u201cEl pasado lunes este Ministerio desarroll\u00f3 la primera reuni\u00f3n para constituir el Comit\u00e9 de Organizaci\u00f3n de Emergencias Sanitarias (COES), \u00f3rgano que definir\u00e1 c\u00f3mo proceder y c\u00f3mo se seguir\u00e1 comunicando esta situaci\u00f3n, a fin de tener una respuesta organizada ante la coyuntura sanitaria sin que eso resienta la atenci\u00f3n en las patolog\u00edas prevalentes\u201d. All\u00ed precis\u00f3 que la creaci\u00f3n del COES tiene fuerza de resoluci\u00f3n ministerial (a partir de la Resoluci\u00f3n N\u00ba 633\/20) y responde a una medida que es aconsejada tanto desde el Consejo Federal de Salud (Cofesa) como desde la Organizaci\u00f3n Mundial de la Salud (OMS).<\/p>\n<p>La titular de la cartera sanitaria valor\u00f3: \u201cLa experiencia de la provincia en el fortalecimiento de las redes integradas de servicios de salud, a trav\u00e9s del desarrollo espec\u00edfico de la atenci\u00f3n perinatal y las unidades cr\u00edticas, han constituido una fortaleza y nos encuentra preparados para dar una respuesta coordinada ante esta coyuntura\u201d.<\/p>\n<p>&nbsp;<\/p>\n<p><strong>Panorama de situaci\u00f3n<\/strong><\/p>\n<p>En la oportunidad el director de Epidemiolog\u00eda, Diego Garcilazo, expuso sobre el mapa actual en torno a los temas priorizados: dengue, sarampi\u00f3n y coronavirus.<\/p>\n<p>En materia de coronavirus, Garcilazo se\u00f1al\u00f3 que actualmente se contin\u00faa la fase de contenci\u00f3n, que es proseguir en la detecci\u00f3n de personas sintom\u00e1ticas y con antecedentes de viaje al exterior, principalmente Europa y China; el aislamiento, la investigaci\u00f3n epidemiol\u00f3gica y el seguimiento de los contactos para evaluar otra posible transmisi\u00f3n.<\/p>\n<p>Para evaluar posibles contagios en la provincia, el epidemi\u00f3logo se\u00f1al\u00f3 que en las \u00faltimas horas desde Concordia se recibi\u00f3 la notificaci\u00f3n de un caso que se podr\u00eda encuadrar como sospechoso. \u201cActualmente se inici\u00f3 la investigaci\u00f3n epidemiol\u00f3gica pertinente y se tomaron las muestras de laboratorio que permitir\u00e1n confirmar o descartar la enfermedad\u201d.<\/p>\n<p>Por su parte, en cuanto a la preparaci\u00f3n de la respuesta en materia de Covid-19, indic\u00f3 que se han actualizado y comunicado los protocolos para la vigilancia, detecci\u00f3n de casos, su abordaje y tratamiento; as\u00ed como las medidas de bioseguridad para los equipos de salud.<\/p>\n<p>En cuanto a dengue, se explic\u00f3 que la provincia est\u00e1 atravesando las semanas de mayor circulaci\u00f3n viral, en un contexto donde todas las jurisdicciones del centro y norte del pa\u00eds ya cuentan con circulaci\u00f3n aut\u00f3ctona, e incluso se han notificado fallecimientos por esta enfermedad. En tal sentido precis\u00f3 que hasta la novena semana epidemiol\u00f3gica, en Entre R\u00edos fueron confirmados 52 casos de dengue, y que el 35 por ciento de los mismos fueron aut\u00f3ctonos.<\/p>\n<p>Adem\u00e1s, se\u00f1al\u00f3 que en el pico de circulaci\u00f3n se procesan hasta 200 muestras diarias, con lo cual se prev\u00e9n nuevas confirmaciones durante las semanas sucesivas. Finalmente, destac\u00f3 el rol de los municipios para controlar la circulaci\u00f3n a partir de las acciones de descacharrizado, fumigaci\u00f3n y las tareas de concientizaci\u00f3n en sus comunidades.<\/p>\n<p>Seguidamente, Garcilazo record\u00f3 la importancia de sostener coberturas \u00f3ptimas en materia de inmunizaciones, con especial \u00e9nfasis en materia de sarampi\u00f3n. El referente inform\u00f3: \u201cSi bien en la provincia s\u00f3lo registramos siete casos sospechosos de sarampi\u00f3n, la situaci\u00f3n del pa\u00eds es distinta porque Argentina hoy presenta el mayor n\u00famero de casos de las \u00faltimas dos d\u00e9cadas; y para esta enfermedad tenemos una herramienta que no tenemos para las otras dos, como es la vacunaci\u00f3n\u201d.<\/p>\n<p>&nbsp;<\/p>\n<p><strong>Instauraci\u00f3n del COES<\/strong><\/p>\n<p>En la oportunidad se precis\u00f3 que el Comit\u00e9 de Organizaci\u00f3n de Emergencia Sanitaria ser\u00e1 el \u00f3rgano encargado de estipular espec\u00edficamente c\u00f3mo proceder, monitorear y comunicar las l\u00edneas de acci\u00f3n en estos temas. En tal sentido se indic\u00f3 que cada lunes a las 11 en la Sala de Situaci\u00f3n (25 de Mayo 181 de Paran\u00e1), se comunicar\u00e1n los datos din\u00e1micos que constituyen el mapa epidemiol\u00f3gico.<\/p>\n<p>El espacio, que es presidido por la m\u00e1xima autoridad de la cartera y coordinado por la Direcci\u00f3n de Epidemiolog\u00eda, es integrado seg\u00fan la coyuntura del emergente por todo el arco sanitario del Ministerio de Salud y sus \u00e1reas de apoyo, as\u00ed como expertos en las distintas tem\u00e1ticas.<\/p>\n","protected":false},"excerpt":{"rendered":"<p>El Ministerio de Salud entrerriano expuso un panorama de la situaci\u00f3n epidemiol\u00f3gica en la provincia en materia de dengue, coberturas de vacunaci\u00f3n en sarampi\u00f3n y las medidas adoptadas por el sistema sanitario ante la confirmaci\u00f3n de coronavirus (Covid-19) en el pa\u00eds &nbsp; La ministra de Salud, Sonia Vel\u00e1zquez, presidi\u00f3 una conferencia de prensa en la que se brind\u00f3 el mapa epidemiol\u00f3gico actualizado de los emergentes sanitarios priorizados (dengue, sarampi\u00f3n y coronavirus) en la provincia. Durante la actividad, que se desarroll\u00f3 en la Sala de Situaci\u00f3n de la cartera, se inform\u00f3&#8230;<\/p>\n","protected":false},"author":3,"featured_media":58594,"comment_status":"closed","ping_status":"closed","sticky":false,"template":"","format":"standard","meta":[],"categories":[9],"tags":[],"_links":{"self":[{"href":"https:\/\/www.actualidadadiario.com\/index.php\/wp-json\/wp\/v2\/posts\/58593"}],"collection":[{"href":"https:\/\/www.actualidadadiario.com\/index.php\/wp-json\/wp\/v2\/posts"}],"about":[{"href":"https:\/\/www.actualidadadiario.com\/index.php\/wp-json\/wp\/v2\/types\/post"}],"author":[{"embeddable":true,"href":"https:\/\/www.actualidadadiario.com\/index.php\/wp-json\/wp\/v2\/users\/3"}],"replies":[{"embeddable":true,"href":"https:\/\/www.actualidadadiario.com\/index.php\/wp-json\/wp\/v2\/comments?post=58593"}],"version-history":[{"count":1,"href":"https:\/\/www.actualidadadiario.com\/index.php\/wp-json\/wp\/v2\/posts\/58593\/revisions"}],"predecessor-version":[{"id":58595,"href":"https:\/\/www.actualidadadiario.com\/index.php\/wp-json\/wp\/v2\/posts\/58593\/revisions\/58595"}],"wp:featuredmedia":[{"embeddable":true,"href":"https:\/\/www.actualidadadiario.com\/index.php\/wp-json\/wp\/v2\/media\/58594"}],"wp:attachment":[{"href":"https:\/\/www.actualidadadiario.com\/index.php\/wp-json\/wp\/v2\/media?parent=58593"}],"wp:term":[{"taxonomy":"category","embeddable":true,"href":"https:\/\/www.actualidadadiario.com\/index.php\/wp-json\/wp\/v2\/categories?post=58593"},{"taxonomy":"post_tag","embeddable":true,"href":"https:\/\/www.actualidadadiario.com\/index.php\/wp-json\/wp\/v2\/tags?post=58593"}],"curies":[{"name":"wp","href":"https:\/\/api.w.org\/{rel}","templated":true}]}}