{"id":58590,"date":"2020-03-05T10:08:20","date_gmt":"2020-03-05T13:08:20","guid":{"rendered":"https:\/\/www.actualidadadiario.com\/?p=58590"},"modified":"2020-03-05T10:08:20","modified_gmt":"2020-03-05T13:08:20","slug":"bordet-desde-entre-rios-trabajamos-por-una-argentina-federal","status":"publish","type":"post","link":"https:\/\/www.actualidadadiario.com\/index.php\/2020\/03\/05\/bordet-desde-entre-rios-trabajamos-por-una-argentina-federal\/","title":{"rendered":"Bordet: \u201cDesde Entre R\u00edos trabajamos por una Argentina federal\u201d"},"content":{"rendered":"<p style=\"text-align: center;\"><em><strong>El gobernador Gustavo Bordet y la vicegobernadora Laura Stratta, participaron en Rosario, junto al secretario de Relaciones Pol\u00edticas y Parlamentarias de la Jefatura de Gabinete de la Naci\u00f3n, Fernando Navarro, de la jornada regional Argentina Arm\u00f3nica<\/strong><\/em><\/p>\n<p>&nbsp;<\/p>\n<p>&nbsp;<\/p>\n<p>De la reuni\u00f3n participaron autoridades de Santa Fe, Santiago del Estero y Entre R\u00edos, para trazar un diagn\u00f3stico de diferentes problem\u00e1ticas productivas y sociales de cada provincia.<\/p>\n<p>\u201cEs una muy buena iniciativa que ha tenido la Jefatura de Gabinete de la Naci\u00f3n, donde Fernando Navarro nos convoc\u00f3 para trabajar a los gobernadores de Santa Fe y Santiago del Estero, a pensar una argentina federal, una argentina donde se superan antinomias, una argentina arm\u00f3nica\u201d, destac\u00f3 el gobernador Bordet.<\/p>\n<p>Resalt\u00f3 luego que \u201cesto es muy importante para ir dise\u00f1ando y formulando pol\u00edticas p\u00fablicas e interpelar tambi\u00e9n a la sociedad en las demandas para poder llevarlas adelante en gesti\u00f3n\u201d.<\/p>\n<p>El encuentro, desarrollado este mi\u00e9rcoles en la Universidad Nacional de Rosario, estuvo encabezado por el referente del programa, el secretario de Relaciones Pol\u00edticas y Parlamentarias de la Jefatura de Gabinete de la Naci\u00f3n, Fernando Chino Navarro, con la participaci\u00f3n del rector de la Universidad Nacional de Rosario, Franco Bertolacci; el secretario acad\u00e9mico de la Universidad Nacional de Santiago del Estero, Sergio Zamora; el secretario de Asuntos Estrat\u00e9gicos de Santa Fe, Francisco Buchera; y el intendente de Rosario, Pablo Javkin.<\/p>\n<p>Por la provincia de Entre R\u00edos estuvieron tambi\u00e9n la vicegobernadora, Laura Stratta; el ministro de Producci\u00f3n, Juan Jos\u00e9 Bahillo; el presidente del Consejo General de Educaci\u00f3n, Mart\u00edn Muller; y el rector de la Universidad Nacional de Entre R\u00edos, Andr\u00e9s Sabella, entre otros funcionarios y referentes de entidades no gubermantales que participaron de las mesas de debate y charlas llevadas a cabo durante toda la jornada en la casa de altos estudios<\/p>\n<p>El gobernador Bordet dijo que los temas abordados en el encuentro resultan trascendentes y apunt\u00f3: &#8220;Quienes tomamos decisiones de gobierno estamos atravesados por distintas urgencias, atendiendo problemas que requieren la resoluci\u00f3n inmediata, y se necesita un espacio como este para poder elaborar pol\u00edticas p\u00fablicas que trasciendan gestiones de gobierno, que puedan establecer normas de confianza y que propendan fundamentalmente a criterios que tiendan a relacionar a la sociedad de manera tal que se sorteen y superen divisiones est\u00e9riles en el seno de nuestras sociedades&#8221;.<\/p>\n<p>El mandatario dijo que &#8220;este cometido viene de la mano tambi\u00e9n de lo que hab\u00eda propuesto el presidente Alberto Fern\u00e1ndez, con la idea de una Argentina unida, y esto no es solamente una expresi\u00f3n de deseo, sino que se funda sobre otros criterios que tiene que ver con el debate, el disenso, con poner sobre la mesa distritos aspectos y cuestiones y con un posterior abordaje de las mismas&#8221;.<\/p>\n<p>Bordet record\u00f3 que lo ha conversado con los gobernadores de Santa Fe y Santiago del Estero y expres\u00f3: &#8220;Tenemos la misma visi\u00f3n, porque esto hace tambi\u00e9n a la distribuci\u00f3n geogr\u00e1fica federal de nuestro pa\u00eds, que tiende justamente a tomar en cuenta las realidades de nuestras provincias, que son muy parecidas. Podemos tener matices diferentes, pero en el fondo los problemas que tienen las provincias resultan muy parecidos&#8221;.<\/p>\n<p>Valor\u00f3 tener en agenda temas que &#8220;se debatieron hoy como los sistemas productivos, que tiene que ver con la econom\u00eda popular, que tiene que ver tambi\u00e9n c\u00f3mo se integran sectores que hoy no est\u00e1n incluidos socialmente a los circuitos productivos en nuestra regi\u00f3n&#8221;.<\/p>\n<p>En este marco, dijo que en las ciudades est\u00e1 permanentemente ese pedido de tener en cuenta la opini\u00f3n y de escuchar, y dijo que &#8220;se trata de esto justamente, de tener estos espacios plurales que fortalecen las instituciones y la democracias&#8221;.<\/p>\n<p>Bordet destac\u00f3 asimismo que &#8220;las universidades cumplen un rol determinante para poder generar esa confianza necesaria, para tener esa actitud convocante y poder ir logrando la consecuci\u00f3n de los objetivos que nos proponemos, para vivir en un sociedad donde se superen falsas antinomias y donde existan las posibilidades de desarrollo econ\u00f3mico y humano, tambi\u00e9n de poder generar inclusi\u00f3n social sobre muchos sectores de la poblaci\u00f3n que hoy est\u00e1n excluidos&#8221;.<\/p>\n<p>Y asegur\u00f3: &#8220;De esto se trata esta convocatoria, y desde Entre R\u00edos vamos a trabajar fuertemente&#8221;.<\/p>\n<p>&nbsp;<\/p>\n<p><strong>Pol\u00edtica de largo plazo<\/strong><\/p>\n<p>Por su parte, Fernando Navarro, indic\u00f3 que para la realizaci\u00f3n de dichas jornadas en el marco del programa Argentina Arm\u00f3nica, \u201cpensamos en un esquema que permite convocarnos a reuniones donde nos reconocernos desde la diversidad, de la pluralidad en t\u00e9rminos pol\u00edticos, econ\u00f3micos, sociales, gremiales, intelectuales y poder avanzar en diagn\u00f3sticos y en acuerdos comunes. Argentina necesita construir determinados consensos para reconstruir sobre el trabajo, sobre la equidad, sobre la justicia social y sobre la honestidad una Argentina diferente a la que hemos transitado en las \u00faltimas d\u00e9cadas\u201d.<\/p>\n<p>En ese marco, Navarro, explico que la actividad se encuadra en una pol\u00edtica de largo plazo y sostuvo que para el encuentro desarrollado en Rosario \u201ctrajimos como aprendizaje la necesidad de federalizar y de regionalizar&#8221;.<\/p>\n<p>Navarro, destac\u00f3 la predisposici\u00f3n del gobernador Bordet y de las dem\u00e1s provincias y dijo que la idea es trabajar desde los estados provinciales y las universidades p\u00fablicas. As\u00ed que estamos m\u00e1s que satisfechos porque no es un lugar menor Rosario, Santa Fe junto con Entre R\u00edos y Santiago del Estero, y tenemos la expectativa de que sea una gran jornada que va a ser muy rica\u201d.<\/p>\n<p>Sobre el desarrollo del programa, el secretario de Relaciones Pol\u00edticas y Parlamentarias de la Jefatura de Gabinete de la naci\u00f3n, indic\u00f3 que \u201cla idea es presentarlo en todo el pa\u00eds, y luego hacer una segunda vuelta con ya temas puntuales para intentar acuerdos sobre temas que tiene que ver con la vida cotidiana de los de argentinos\u201d.<\/p>\n<p>&nbsp;<\/p>\n<p><strong>Promotor de debates<\/strong><\/p>\n<p>Por su parte, Laura Stratta, dijo que \u201crecuperar el valor la palabra para hacer del di\u00e1logo y los acuerdos la base de mejores pol\u00edticas p\u00fablicas es un objetivo que nos propuso el presidente Alberto Fern\u00e1ndez y que compartimos con Gustavo Bordet, para mejorar nuestra democracia y garantizar derechos\u201d.<\/p>\n<p>En este sentido, \u201cdijimos presente hoy en Rosario al participar junto a referentes productivos, acad\u00e9micos, sindicales y sociales de Entre R\u00edos, Santiago del Estero y Santa Fe del programa Argentina Arm\u00f3nica\u201d.<\/p>\n<p>Stratta celebro \u201cque el Estado sea promotor de debates respetuosos y plurales y alentamos la construcci\u00f3n de m\u00e1s espacios de este tipo\u201d.<\/p>\n<p>&nbsp;<\/p>\n<p><strong>Que es Argentina Arm\u00f3nica<\/strong><\/p>\n<p>Argentina Arm\u00f3nica es el nombre del programa que encabeza el secretario de Relaciones Parlamentarias de la Naci\u00f3n, Fernando Navarro, y que ya tuvo dos encuentros iniciales uno en Resistencia, y otro en San Juan.<\/p>\n<p>El objetivo es la conformaci\u00f3n de foros multisectoriales para abordar diferentes problem\u00e1ticas de \u00edndole regional e ir en busca de soluciones consensuadas.<\/p>\n","protected":false},"excerpt":{"rendered":"<p>El gobernador Gustavo Bordet y la vicegobernadora Laura Stratta, participaron en Rosario, junto al secretario de Relaciones Pol\u00edticas y Parlamentarias de la Jefatura de Gabinete de la Naci\u00f3n, Fernando Navarro, de la jornada regional Argentina Arm\u00f3nica &nbsp; &nbsp; De la reuni\u00f3n participaron autoridades de Santa Fe, Santiago del Estero y Entre R\u00edos, para trazar un diagn\u00f3stico de diferentes problem\u00e1ticas productivas y sociales de cada provincia. \u201cEs una muy buena iniciativa que ha tenido la Jefatura de Gabinete de la Naci\u00f3n, donde Fernando Navarro nos convoc\u00f3 para trabajar a los gobernadores&#8230;<\/p>\n","protected":false},"author":3,"featured_media":58591,"comment_status":"closed","ping_status":"closed","sticky":false,"template":"","format":"standard","meta":[],"categories":[9],"tags":[],"_links":{"self":[{"href":"https:\/\/www.actualidadadiario.com\/index.php\/wp-json\/wp\/v2\/posts\/58590"}],"collection":[{"href":"https:\/\/www.actualidadadiario.com\/index.php\/wp-json\/wp\/v2\/posts"}],"about":[{"href":"https:\/\/www.actualidadadiario.com\/index.php\/wp-json\/wp\/v2\/types\/post"}],"author":[{"embeddable":true,"href":"https:\/\/www.actualidadadiario.com\/index.php\/wp-json\/wp\/v2\/users\/3"}],"replies":[{"embeddable":true,"href":"https:\/\/www.actualidadadiario.com\/index.php\/wp-json\/wp\/v2\/comments?post=58590"}],"version-history":[{"count":1,"href":"https:\/\/www.actualidadadiario.com\/index.php\/wp-json\/wp\/v2\/posts\/58590\/revisions"}],"predecessor-version":[{"id":58592,"href":"https:\/\/www.actualidadadiario.com\/index.php\/wp-json\/wp\/v2\/posts\/58590\/revisions\/58592"}],"wp:featuredmedia":[{"embeddable":true,"href":"https:\/\/www.actualidadadiario.com\/index.php\/wp-json\/wp\/v2\/media\/58591"}],"wp:attachment":[{"href":"https:\/\/www.actualidadadiario.com\/index.php\/wp-json\/wp\/v2\/media?parent=58590"}],"wp:term":[{"taxonomy":"category","embeddable":true,"href":"https:\/\/www.actualidadadiario.com\/index.php\/wp-json\/wp\/v2\/categories?post=58590"},{"taxonomy":"post_tag","embeddable":true,"href":"https:\/\/www.actualidadadiario.com\/index.php\/wp-json\/wp\/v2\/tags?post=58590"}],"curies":[{"name":"wp","href":"https:\/\/api.w.org\/{rel}","templated":true}]}}