{"id":58580,"date":"2020-03-04T10:19:22","date_gmt":"2020-03-04T13:19:22","guid":{"rendered":"https:\/\/www.actualidadadiario.com\/?p=58580"},"modified":"2020-03-04T10:19:30","modified_gmt":"2020-03-04T13:19:30","slug":"denuncia-urgente-a-la-depredacion-de-amazonia","status":"publish","type":"post","link":"https:\/\/www.actualidadadiario.com\/index.php\/2020\/03\/04\/denuncia-urgente-a-la-depredacion-de-amazonia\/","title":{"rendered":"Denuncia urgente a la depredaci\u00f3n de  Amazonia"},"content":{"rendered":"<p style=\"text-align: center;\"><em><strong>Viaj\u00f3 a Suiza a delcarar en la comisi\u00f3n de DD.HH. que preside Bachelet. Denuncian que los pueblos originarios corren riesgo de genocidio por las pol\u00edticas de Bolsonaro<\/strong><\/em><\/p>\n<p>&nbsp;<\/p>\n<p>&nbsp;<\/p>\n<p>Los pueblos originarios de la Amazonia ante el riesgo de genocidio. Una delegaci\u00f3n integrada por el l\u00edder de la etnia yanomani, Davi Kopenawa, y ONGs brasile\u00f1as viaj\u00f3 a Ginebra, Suiza, para alertar sobre la situaci\u00f3n dram\u00e1tica que se vive en la floresta tropical m\u00e1s extensa del mundo ante la invasi\u00f3n de las reservas, las quemadas y los asesinatos.<\/p>\n<p>&#8220;Los hombres blancos (..) se contentan con atacar nuestra floresta, que no es la tierra de ellos pero ellos declaran que les pertenece, ellos piensan \u00b4 les vamos a arrancar el oro y cortar sus \u00e1rboles \u00b4 &#8220;, dijo Kopenawa ante el plenario de la 43a. Sesi\u00f3n de la Consejo de Derechos Humanos en la que deplor\u00f3 al presidente Jair Bolsonaro.<\/p>\n<p>El organismo, dirigido por la ex presidente chilena Michelle Bachelet, ya recibi\u00f3 desde el a\u00f1o pasado numerosas denuncias de las comunidades amaz\u00f3nicas sobre la pol\u00edtica de tierra arrasada y el riesgo de &#8220;genocidio&#8221; y &#8220;etnocidios&#8221;. Dijo Davi Kopenawa, &#8220;el nuevo presidente de Brasil, yo no lo menciono su nombre&#8221; desde que lleg\u00f3 al Palacio del Planalto se ha dedicado a decir &#8220;vengan los hombres blancos que quieran dinero&#8221; para enriquecerse a trav\u00e9s de la &#8220;contaminaci\u00f3n de nuestros r\u00edos, la quemada de los \u00e1rboles&#8221;.<\/p>\n<p>El gobierno del ex capit\u00e1n del ej\u00e9rcito es el primero desde el fin de la dictadura militar, en 1985, que lleva a cabo una una pol\u00edtica abiertamente hostil hacia las comunidades originarias de la Amazonia, agreg\u00f3 la antrop\u00f3loga Manuela Carneiro da Cunha. &#8220;El Poder Ejecutivo realiza una campa\u00f1a ostensiva envalentonando a los ocupantes ilegales de tierras, a los madereros, a los explotadores de recursos minerales que amenazan de genocidio a los pueblos ind\u00edgenas&#8221;, asegur\u00f3 Carneiro da Cunha. &#8220;Empleamos la palabra genocidio porque es la palabra que corresponde&#8221;, remarc\u00f3.<\/p>\n<p>Las ONGs Comsi\u00f3n Paulo Evaristo Arns y el Instituto Socioambiental, acompa\u00f1aron al cacique Kopenawa en su visita a Ginebra, y este martes participaron en un encuentro con otras entidades de la sociedad civil internacional donde se volvi\u00f3 a tratar la realidad de los pueblos originarios. La situaci\u00f3n m\u00e1s grave la enfrentan unos &#8220;ciento veinte pueblos ind\u00edgenas aislados que son muy vulnerables al primer contacto&#8221; con las personas ajenas a sus territorios, ya que les pueden transmitir enfermedades para las que no tienen defensas, precis\u00f3 Carneiro de Cunha.<\/p>\n<p>En noviembre de 2019, la Comisi\u00f3n Arns solicit\u00f3 al Tribunal Penal Internacional (TPI), en La Haya, la apertura de una &#8220;investigaci\u00f3n preliminar&#8221; sobre las medidas del gobierno brasile\u00f1o que amenazan la supervivencia de los pueblos originarios.<\/p>\n<p>Aquella iniciativa ante el TPI tuvo el respaldo del Colectivo de Abogac\u00eda y Derechos Humanos, y puede dar lugar a un proceso que continuar\u00eda en pie &#8220;incluso luego de que Bolsonaro deje la presidencia&#8221;, apunta la antrop\u00f3loga. Debido a sus posiciones de ultraderecha, los insultos a dirigentes ind\u00edgenas y la devastaci\u00f3n de la Amazonia, Bolsonaro se ha convertido en uno de los l\u00edderes m\u00e1s repudiados del mundo.<\/p>\n<p>Lo cual se comprueba a poco de repasar su agenda internacional. O su no-agenda internacional. El a\u00f1o pasado se vio obligado a suspender un viaje anunciado a Nueva York para evitar v\u00e9rselas con las protestas de ambientalistas y de activistas del movimiento LGBT. M\u00e1s tarde prometi\u00f3 pero al final no cumpli\u00f3 realizar viaje a Italia, que dej\u00f3 sin efecto ante la ca\u00edda de su amigo, el ex ministro del interior Matteo Salvini, tambi\u00e9n de extrema derecha.<\/p>\n<p>En enero \u00faltimo cancel\u00f3 sobre la hora su participaci\u00f3n en el Foro Econ\u00f3mico de Davos, posiblemente advertido de los cuestionamientos que la prensa y ONGs le hab\u00edan preparado por la depredaci\u00f3n de la Amazonia. El desprestigio del presidente perjudica su &#8220;credibilidad&#8221; ante la opini\u00f3n p\u00fablica y organismos internacionales como el TPI y el Consejo de Derechos Humanos de la ONU &#8220;que a\u00fan conserva su fuerza moral&#8221;, apunt\u00f3 Carneiro da Cunha en este di\u00e1logo telef\u00f3nico desde San Pablo.<\/p>\n<p>Al respecto la investigadora record\u00f3 la pol\u00e9mica entre el gobernante y el actor Leonardo DiCaprio sobre las quemadas de la floresta en 2019, cuando la superficie incendiada fue el 90 por ciento m\u00e1s extensa que en 2018. &#8220;Bolsonaro lleg\u00f3 a acusar a DiCaprio de fomentar los incendios, una cosa que causa risa y nadie crey\u00f3 a nivel internacional, fue algo burdo porque se sabe que Bolsonaro tiene una gran afinidad con los grupos que desmatan e incendian&#8221;.<\/p>\n","protected":false},"excerpt":{"rendered":"<p>Viaj\u00f3 a Suiza a delcarar en la comisi\u00f3n de DD.HH. que preside Bachelet. Denuncian que los pueblos originarios corren riesgo de genocidio por las pol\u00edticas de Bolsonaro &nbsp; &nbsp; Los pueblos originarios de la Amazonia ante el riesgo de genocidio. Una delegaci\u00f3n integrada por el l\u00edder de la etnia yanomani, Davi Kopenawa, y ONGs brasile\u00f1as viaj\u00f3 a Ginebra, Suiza, para alertar sobre la situaci\u00f3n dram\u00e1tica que se vive en la floresta tropical m\u00e1s extensa del mundo ante la invasi\u00f3n de las reservas, las quemadas y los asesinatos. &#8220;Los hombres blancos&#8230;<\/p>\n","protected":false},"author":3,"featured_media":58581,"comment_status":"closed","ping_status":"closed","sticky":false,"template":"","format":"standard","meta":[],"categories":[4],"tags":[],"_links":{"self":[{"href":"https:\/\/www.actualidadadiario.com\/index.php\/wp-json\/wp\/v2\/posts\/58580"}],"collection":[{"href":"https:\/\/www.actualidadadiario.com\/index.php\/wp-json\/wp\/v2\/posts"}],"about":[{"href":"https:\/\/www.actualidadadiario.com\/index.php\/wp-json\/wp\/v2\/types\/post"}],"author":[{"embeddable":true,"href":"https:\/\/www.actualidadadiario.com\/index.php\/wp-json\/wp\/v2\/users\/3"}],"replies":[{"embeddable":true,"href":"https:\/\/www.actualidadadiario.com\/index.php\/wp-json\/wp\/v2\/comments?post=58580"}],"version-history":[{"count":2,"href":"https:\/\/www.actualidadadiario.com\/index.php\/wp-json\/wp\/v2\/posts\/58580\/revisions"}],"predecessor-version":[{"id":58583,"href":"https:\/\/www.actualidadadiario.com\/index.php\/wp-json\/wp\/v2\/posts\/58580\/revisions\/58583"}],"wp:featuredmedia":[{"embeddable":true,"href":"https:\/\/www.actualidadadiario.com\/index.php\/wp-json\/wp\/v2\/media\/58581"}],"wp:attachment":[{"href":"https:\/\/www.actualidadadiario.com\/index.php\/wp-json\/wp\/v2\/media?parent=58580"}],"wp:term":[{"taxonomy":"category","embeddable":true,"href":"https:\/\/www.actualidadadiario.com\/index.php\/wp-json\/wp\/v2\/categories?post=58580"},{"taxonomy":"post_tag","embeddable":true,"href":"https:\/\/www.actualidadadiario.com\/index.php\/wp-json\/wp\/v2\/tags?post=58580"}],"curies":[{"name":"wp","href":"https:\/\/api.w.org\/{rel}","templated":true}]}}