{"id":58577,"date":"2020-03-04T10:18:44","date_gmt":"2020-03-04T13:18:44","guid":{"rendered":"https:\/\/www.actualidadadiario.com\/?p=58577"},"modified":"2020-03-04T10:18:44","modified_gmt":"2020-03-04T13:18:44","slug":"madrugada-de-furia-en-chile-incendios-saqueos-y-283-detenidos","status":"publish","type":"post","link":"https:\/\/www.actualidadadiario.com\/index.php\/2020\/03\/04\/madrugada-de-furia-en-chile-incendios-saqueos-y-283-detenidos\/","title":{"rendered":"Madrugada de furia en Chile: incendios, saqueos y 283 detenidos"},"content":{"rendered":"<p style=\"text-align: center;\"><em><strong>El gobierno de Sebasti\u00e1n Pi\u00f1era denunci\u00f3 &#8220;violencia pura y dura&#8221; en las protestas. La zona m\u00e1s afectada fue Santiago. Chile votar\u00e1 si reforma su Constituci\u00f3n<\/strong><\/em><\/p>\n<p>&nbsp;<\/p>\n<p>&nbsp;<\/p>\n<p>Las protestas resurgieron en Chilecon nuevos ataques al transporte p\u00fablico y saqueos a comercios que se extendieron desde el lunes a la noche hasta la madrugada de este martes, dejando 283 detenidos y 76 polic\u00edas heridos, de acuerdo al reporte oficial.<\/p>\n<p>Convocados a manifestarse en contra del gobierno de derecha de Sebasti\u00e1n Pi\u00f1era el primer lunes de marzo, cuando arranc\u00f3 la mayor\u00eda de las actividades productivas del pa\u00eds tras las vacaciones, miles de manifestantes se reunieron por la tarde en la c\u00e9ntrica plaza Italia de Santiago, donde se produjeron violentos enfrentamientos con la polic\u00eda.<\/p>\n<p>&#8220;La ciudad funcion\u00f3, las personas pudieron desarrollar sus actividades, pero en la tarde y en la noche hubo violencia pura y dura. Son hechos de violencia que no tienen que ver con las demandas sociales de las protestas&#8221;, dijo la ma\u00f1ana de este martes el ministro del Interior y Seguridad, Gonzalo Blumel.<\/p>\n<p>Un manifestante fue atropellado por un carro de la polic\u00eda &#8220;debido a la gran cantidad de objetos contundentes y bombas molotov que fueron tirados al parabrisas&#8221; del veh\u00edculo, justific\u00f3 el capit\u00e1n de Carabineros, Juan Chevy.<\/p>\n<p>Los enfrentamientos se trasladaron a varias zonas de la periferia de la capital de Chile, donde se levantaron barricadas y hubo saqueos a comercios. Cerca de las 22:00 hora local, el sistema p\u00fablico de transporte fue suspendido por seguridad y se volvi\u00f3 a poner en funcionamiento reci\u00e9n en la madrugada.<\/p>\n<p>El tren metropolitano cerr\u00f3 tambi\u00e9n por seguridad 15 estaciones, reabiertas la ma\u00f1ana de este martes, cuando las principales v\u00edas de Santiago luc\u00edan a\u00fan los rastros de los disturbios, con sem\u00e1foros en el suelo y restos humeantes de barricadas.<\/p>\n<p>El ministro Blumel explic\u00f3 que el gobierno tom\u00f3 medidas para enfrentar nuevas protestas: aument\u00f3 en un 50% la dotaci\u00f3n de polic\u00edas y se asesoraron en el manejo del orden p\u00fablico con autoridades de Reino Unido y Alemania.<\/p>\n<p>Las protestas en Chile, que estallaron el 18 de octubre contra el alza de las tarifas del subte de Santiago, se convirtieron r\u00e1pidamente en un reclamo generalizado a favor de profundas reformas sociales y en contra del gobierno de Sebasti\u00e1n Pi\u00f1era, en un pa\u00eds que registra altos niveles de desigualdad.<\/p>\n<p>Despu\u00e9s de dos meses de semanas de m\u00e1xima tensi\u00f3n y represi\u00f3n en las calles, la violencia baj\u00f3 en enero y febrero -cuando la mayor\u00eda de los chilenos se toma vacaciones-, pero con la amenaza latente de que volver\u00eda a retomar con fuerza en marzo. De hecho, el propio Sebasti\u00e1n Pi\u00f1era hab\u00eda advertido sobre ello.<\/p>\n<p>En Twitter circula un nutrido calendario de protestas para casi todos los d\u00edas de este mes, con llamados de organizaciones de mujeres a una gran marcha para este domingo y una huelga feminista el lunes, junto a convocatorias de grupos ind\u00edgenas, ambientalistas, agrupaciones sind\u00edcales y de estudiantiles.<\/p>\n<p>Todos buscan presionar al gobierno para ampliar la agenda de reformas sociales propuesta para enfrentar esta in\u00e9dita crisis social que remeci\u00f3 a Chile, un pa\u00eds considerado hasta hace poco uno de los m\u00e1s estables de Am\u00e9rica Latina.<\/p>\n<p>Una de las salidas delineadas por Sebasti\u00e1n Pi\u00f1era para enfrentar la crisis es el plebiscito programado para el pr\u00f3ximo 26 de abril, en el que los chilenos decidir\u00e1n si cambian o no la Constituci\u00f3n pol\u00edtica que se mantiene como herencia de la dictadura de Augusto Pinochet (1973-1990).<\/p>\n","protected":false},"excerpt":{"rendered":"<p>El gobierno de Sebasti\u00e1n Pi\u00f1era denunci\u00f3 &#8220;violencia pura y dura&#8221; en las protestas. La zona m\u00e1s afectada fue Santiago. Chile votar\u00e1 si reforma su Constituci\u00f3n &nbsp; &nbsp; Las protestas resurgieron en Chilecon nuevos ataques al transporte p\u00fablico y saqueos a comercios que se extendieron desde el lunes a la noche hasta la madrugada de este martes, dejando 283 detenidos y 76 polic\u00edas heridos, de acuerdo al reporte oficial. Convocados a manifestarse en contra del gobierno de derecha de Sebasti\u00e1n Pi\u00f1era el primer lunes de marzo, cuando arranc\u00f3 la mayor\u00eda de&#8230;<\/p>\n","protected":false},"author":3,"featured_media":58578,"comment_status":"closed","ping_status":"closed","sticky":false,"template":"","format":"standard","meta":[],"categories":[4],"tags":[],"_links":{"self":[{"href":"https:\/\/www.actualidadadiario.com\/index.php\/wp-json\/wp\/v2\/posts\/58577"}],"collection":[{"href":"https:\/\/www.actualidadadiario.com\/index.php\/wp-json\/wp\/v2\/posts"}],"about":[{"href":"https:\/\/www.actualidadadiario.com\/index.php\/wp-json\/wp\/v2\/types\/post"}],"author":[{"embeddable":true,"href":"https:\/\/www.actualidadadiario.com\/index.php\/wp-json\/wp\/v2\/users\/3"}],"replies":[{"embeddable":true,"href":"https:\/\/www.actualidadadiario.com\/index.php\/wp-json\/wp\/v2\/comments?post=58577"}],"version-history":[{"count":1,"href":"https:\/\/www.actualidadadiario.com\/index.php\/wp-json\/wp\/v2\/posts\/58577\/revisions"}],"predecessor-version":[{"id":58579,"href":"https:\/\/www.actualidadadiario.com\/index.php\/wp-json\/wp\/v2\/posts\/58577\/revisions\/58579"}],"wp:featuredmedia":[{"embeddable":true,"href":"https:\/\/www.actualidadadiario.com\/index.php\/wp-json\/wp\/v2\/media\/58578"}],"wp:attachment":[{"href":"https:\/\/www.actualidadadiario.com\/index.php\/wp-json\/wp\/v2\/media?parent=58577"}],"wp:term":[{"taxonomy":"category","embeddable":true,"href":"https:\/\/www.actualidadadiario.com\/index.php\/wp-json\/wp\/v2\/categories?post=58577"},{"taxonomy":"post_tag","embeddable":true,"href":"https:\/\/www.actualidadadiario.com\/index.php\/wp-json\/wp\/v2\/tags?post=58577"}],"curies":[{"name":"wp","href":"https:\/\/api.w.org\/{rel}","templated":true}]}}