{"id":58569,"date":"2020-03-04T10:16:41","date_gmt":"2020-03-04T13:16:41","guid":{"rendered":"https:\/\/www.actualidadadiario.com\/?p=58569"},"modified":"2020-03-04T10:16:41","modified_gmt":"2020-03-04T13:16:41","slug":"el-congreso-empieza-a-debatir-el-proyecto-del-gobierno-sobre-capitales-alternativas","status":"publish","type":"post","link":"https:\/\/www.actualidadadiario.com\/index.php\/2020\/03\/04\/el-congreso-empieza-a-debatir-el-proyecto-del-gobierno-sobre-capitales-alternativas\/","title":{"rendered":"El Congreso empieza a debatir el proyecto del Gobierno sobre capitales alternativas"},"content":{"rendered":"<p style=\"text-align: center;\"><em><strong>Un plenario de comisiones del Senado comenzar\u00e1 a analizar el pr\u00f3ximo martes el proyecto de ley del Poder Ejecutivo que establece la creaci\u00f3n de &#8220;capitales alternas&#8221;, que apunta a revitalizar el federalismo y consagrar como obligatoria la realizaci\u00f3n de reuniones de gabinete nacional en el interior del pa\u00eds para atender las problem\u00e1ticas particulares de cada distrito<\/strong><\/em><\/p>\n<p>&nbsp;<\/p>\n<p>El proyecto, enviado por el gobierno el pasado 12 de febrero, ser\u00e1 analizado por un plenario de las comisiones de Asuntos Constitucionales y de Presupuesto y Hacienda. El Gobierno busca potenciar el desarrollo de ciudades alternativas a las capitales provinciales.<\/p>\n<p>&#8220;Crear en cada provincia una capital alterna de la Argentina y obligar al gobierno nacional a trasladarse una vez por mes ah\u00ed, y escuchar in situ los problemas. Porque una cosa es ver estad\u00edsticas y otra es ver y escuchar a la gente, porque uno puede entender verdaderamente la dimensi\u00f3n del conflicto&#8221;, sostuvo en su momento Fern\u00e1ndez, durante una visita a Mendoza en septiembre, cuando todav\u00eda era candidato por el Frente de Todos.<\/p>\n<p>El plan establece un cronograma de 24 reuniones en 24 meses y siempre con la presencia del Presidente y el ministro del Interior, Eduardo Wado de Pedro, el &#8220;articulador&#8221; de la iniciativa frente a los gobiernos provinciales y municipales.<\/p>\n<p>Otros cinco ministros acompa\u00f1ar\u00e1n las visitas a las &#8220;ciudades alternas&#8221;, seg\u00fan un esquema rotativo que se ir\u00e1 armando &#8220;de acuerdo a la agenda y las problem\u00e1ticas&#8221; de cada distrito, por las que estar\u00e1n tambi\u00e9n el gobernador y el intendente local junto a sus colaboradores, se\u00f1alaron las fuentes.<\/p>\n<p>En el listado aparecen R\u00edo Grande (Tierra del Fuego), Caleta Olivia (Santa Cruz), Comodoro Rivadavia (Chubut), San Carlos de Bariloche (R\u00edo Negro), Cutral C\u00f3 (Neuqu\u00e9n), General Pico (La Pampa), Mar del Plata (Buenos Aires), La Matanza (Buenos Aires), Rosario (Santa Fe) y R\u00edo Cuarto (C\u00f3rdoba).<\/p>\n<p>Tambi\u00e9n se prev\u00e9n reuniones en Concordia (Entre R\u00edos), Goya (Corrientes), Ober\u00e1 (Misiones), Roque S\u00e1enz Pe\u00f1a (Chaco), San Pedro de Jujuy (Jujuy), Or\u00e1n (Salta), Tinogasta (Catamarca), Monteros (Tucum\u00e1n), Termas de R\u00edo Hondo (Santiago del Estero), Chilecito (La Rioja), Caucete (San Juan), Guaymall\u00e9n (Mendoza), Formosa (Formosa) y San Luis (San Luis), estas \u00faltimas dos, como una excepci\u00f3n, porque &#8220;en algunos casos la segunda ciudad est\u00e1 muy lejos de la capital o es de dif\u00edcil acceso&#8221;, explicaron en Casa Rosada.<\/p>\n","protected":false},"excerpt":{"rendered":"<p>Un plenario de comisiones del Senado comenzar\u00e1 a analizar el pr\u00f3ximo martes el proyecto de ley del Poder Ejecutivo que establece la creaci\u00f3n de &#8220;capitales alternas&#8221;, que apunta a revitalizar el federalismo y consagrar como obligatoria la realizaci\u00f3n de reuniones de gabinete nacional en el interior del pa\u00eds para atender las problem\u00e1ticas particulares de cada distrito &nbsp; El proyecto, enviado por el gobierno el pasado 12 de febrero, ser\u00e1 analizado por un plenario de las comisiones de Asuntos Constitucionales y de Presupuesto y Hacienda. El Gobierno busca potenciar el desarrollo&#8230;<\/p>\n","protected":false},"author":3,"featured_media":58570,"comment_status":"closed","ping_status":"closed","sticky":false,"template":"","format":"standard","meta":[],"categories":[18],"tags":[],"_links":{"self":[{"href":"https:\/\/www.actualidadadiario.com\/index.php\/wp-json\/wp\/v2\/posts\/58569"}],"collection":[{"href":"https:\/\/www.actualidadadiario.com\/index.php\/wp-json\/wp\/v2\/posts"}],"about":[{"href":"https:\/\/www.actualidadadiario.com\/index.php\/wp-json\/wp\/v2\/types\/post"}],"author":[{"embeddable":true,"href":"https:\/\/www.actualidadadiario.com\/index.php\/wp-json\/wp\/v2\/users\/3"}],"replies":[{"embeddable":true,"href":"https:\/\/www.actualidadadiario.com\/index.php\/wp-json\/wp\/v2\/comments?post=58569"}],"version-history":[{"count":1,"href":"https:\/\/www.actualidadadiario.com\/index.php\/wp-json\/wp\/v2\/posts\/58569\/revisions"}],"predecessor-version":[{"id":58571,"href":"https:\/\/www.actualidadadiario.com\/index.php\/wp-json\/wp\/v2\/posts\/58569\/revisions\/58571"}],"wp:featuredmedia":[{"embeddable":true,"href":"https:\/\/www.actualidadadiario.com\/index.php\/wp-json\/wp\/v2\/media\/58570"}],"wp:attachment":[{"href":"https:\/\/www.actualidadadiario.com\/index.php\/wp-json\/wp\/v2\/media?parent=58569"}],"wp:term":[{"taxonomy":"category","embeddable":true,"href":"https:\/\/www.actualidadadiario.com\/index.php\/wp-json\/wp\/v2\/categories?post=58569"},{"taxonomy":"post_tag","embeddable":true,"href":"https:\/\/www.actualidadadiario.com\/index.php\/wp-json\/wp\/v2\/tags?post=58569"}],"curies":[{"name":"wp","href":"https:\/\/api.w.org\/{rel}","templated":true}]}}