{"id":58564,"date":"2020-03-04T10:14:52","date_gmt":"2020-03-04T13:14:52","guid":{"rendered":"https:\/\/www.actualidadadiario.com\/?p=58564"},"modified":"2020-03-04T10:14:52","modified_gmt":"2020-03-04T13:14:52","slug":"alberto-fernandez-participa-este-mediodia-de-un-almuerzo-con-empresarios","status":"publish","type":"post","link":"https:\/\/www.actualidadadiario.com\/index.php\/2020\/03\/04\/alberto-fernandez-participa-este-mediodia-de-un-almuerzo-con-empresarios\/","title":{"rendered":"Alberto Fern\u00e1ndez participa este mediod\u00eda de un almuerzo con empresarios"},"content":{"rendered":"<p style=\"text-align: center;\"><em><strong>Organizado por el Consejo Interamericano de Comercio y Producci\u00f3n (Cicyp), constituir\u00e1 el primer encuentro del a\u00f1o de la entidad que nuclea a los hombres de negocios m\u00e1s importantes. Se desarrollar\u00e1 a partir de las 12.15, en el Hotel Alvear<\/strong><\/em><\/p>\n<p>&nbsp;<\/p>\n<p>El presidente Alberto Fern\u00e1ndez participar\u00e1 este mediod\u00eda de un almuerzo organizado por el Consejo Interamericano de Comercio y Producci\u00f3n (Cicyp), del que participar\u00e1n los principales empresarios del pa\u00eds, informaron fuentes oficiales.<\/p>\n<p>El evento, que constituir\u00e1 el primer encuentro del a\u00f1o de la entidad que nuclea a los hombres de negocios m\u00e1s importantes, se llevar\u00e1 a cabo bajo la consigna &#8220;Desaf\u00edos Agenda 2020&#8221; en el Sal\u00f3n Versailles del Hotel Alvear.<\/p>\n<p>En ese marco, el Cicyp anunci\u00f3 que el Presidente brindar\u00e1 un discurso durante el encuentro que se desarrollar\u00e1 a partir de las 12.15.<\/p>\n<p>En el almuerzo se espera una gran convocatoria de los hombres de negocios de las firmas m\u00e1s importantes del pa\u00eds ya que ser\u00e1 el primer encuentro con l\u00edderes empresarios tras el discurso inaugural de las sesiones ordinarias del Congreso.<\/p>\n<p>El almuerzo ser\u00e1 abierto por Daniel Funes de Rioja, presidente del Cycip y miembro de la Uni\u00f3n Industrial Argentina (UIA).<\/p>\n<p>La Comisi\u00f3n Directiva de la entidad empresaria tambi\u00e9n est\u00e1 compuesta por Miguel Acevedo (UIA), Daniel Pellegrina (Sociedad Rural Argentina), Eduardo Eurnekian (C\u00e1mara Argentina de Comercio), Julio Crivelli (C\u00e1mara Argentina de la Construcci\u00f3n), Adelmo Gabbi (Bolsa de Comercio de Buenos Aires), Javier Bolzico (Asociaci\u00f3n de Bancos Argentinos) y Eduardo Macchiavello (de la C\u00e1mara Industrial de Laboratorios Farmac\u00e9uticos Argentinos), entre otros directivos.<\/p>\n","protected":false},"excerpt":{"rendered":"<p>Organizado por el Consejo Interamericano de Comercio y Producci\u00f3n (Cicyp), constituir\u00e1 el primer encuentro del a\u00f1o de la entidad que nuclea a los hombres de negocios m\u00e1s importantes. Se desarrollar\u00e1 a partir de las 12.15, en el Hotel Alvear &nbsp; El presidente Alberto Fern\u00e1ndez participar\u00e1 este mediod\u00eda de un almuerzo organizado por el Consejo Interamericano de Comercio y Producci\u00f3n (Cicyp), del que participar\u00e1n los principales empresarios del pa\u00eds, informaron fuentes oficiales. El evento, que constituir\u00e1 el primer encuentro del a\u00f1o de la entidad que nuclea a los hombres de negocios&#8230;<\/p>\n","protected":false},"author":3,"featured_media":57078,"comment_status":"closed","ping_status":"closed","sticky":false,"template":"","format":"standard","meta":[],"categories":[18],"tags":[],"_links":{"self":[{"href":"https:\/\/www.actualidadadiario.com\/index.php\/wp-json\/wp\/v2\/posts\/58564"}],"collection":[{"href":"https:\/\/www.actualidadadiario.com\/index.php\/wp-json\/wp\/v2\/posts"}],"about":[{"href":"https:\/\/www.actualidadadiario.com\/index.php\/wp-json\/wp\/v2\/types\/post"}],"author":[{"embeddable":true,"href":"https:\/\/www.actualidadadiario.com\/index.php\/wp-json\/wp\/v2\/users\/3"}],"replies":[{"embeddable":true,"href":"https:\/\/www.actualidadadiario.com\/index.php\/wp-json\/wp\/v2\/comments?post=58564"}],"version-history":[{"count":1,"href":"https:\/\/www.actualidadadiario.com\/index.php\/wp-json\/wp\/v2\/posts\/58564\/revisions"}],"predecessor-version":[{"id":58565,"href":"https:\/\/www.actualidadadiario.com\/index.php\/wp-json\/wp\/v2\/posts\/58564\/revisions\/58565"}],"wp:featuredmedia":[{"embeddable":true,"href":"https:\/\/www.actualidadadiario.com\/index.php\/wp-json\/wp\/v2\/media\/57078"}],"wp:attachment":[{"href":"https:\/\/www.actualidadadiario.com\/index.php\/wp-json\/wp\/v2\/media?parent=58564"}],"wp:term":[{"taxonomy":"category","embeddable":true,"href":"https:\/\/www.actualidadadiario.com\/index.php\/wp-json\/wp\/v2\/categories?post=58564"},{"taxonomy":"post_tag","embeddable":true,"href":"https:\/\/www.actualidadadiario.com\/index.php\/wp-json\/wp\/v2\/tags?post=58564"}],"curies":[{"name":"wp","href":"https:\/\/api.w.org\/{rel}","templated":true}]}}