{"id":58561,"date":"2020-03-04T10:14:06","date_gmt":"2020-03-04T13:14:06","guid":{"rendered":"https:\/\/www.actualidadadiario.com\/?p=58561"},"modified":"2020-03-04T10:14:06","modified_gmt":"2020-03-04T13:14:06","slug":"el-radical-jesus-rodriguez-fue-designado-al-frente-de-la-auditoria-general-de-la-nacion","status":"publish","type":"post","link":"https:\/\/www.actualidadadiario.com\/index.php\/2020\/03\/04\/el-radical-jesus-rodriguez-fue-designado-al-frente-de-la-auditoria-general-de-la-nacion\/","title":{"rendered":"El radical Jes\u00fas Rodr\u00edguez fue designado al frente de la Auditor\u00eda General de la Naci\u00f3n"},"content":{"rendered":"<p style=\"text-align: center;\"><em><strong>El presidente de la C\u00e1mara de Diputados, Sergio Massa, y su par del Senado, Cristina Kirchner, firmaron la resoluci\u00f3n este martes<\/strong><\/em><\/p>\n<p>&nbsp;<\/p>\n<p>&nbsp;<\/p>\n<p>Las autoridades de ambas c\u00e1maras del Congreso de la naci\u00f3n oficializaron al radical Jes\u00fas Rodr\u00edguez como nuevo presidente de la Auditor\u00eda General de la Naci\u00f3n (AGN), luego de que se desataran diferencias internas entre el PRO y la UCR por ese cargo.<\/p>\n<p>A pesar de que hab\u00eda trascendido su nombramiento la semana pasada luego de que el propio Rodr\u00edguez as\u00ed lo confirmara mediante su cuenta oficial de Twitter, el presidente de la C\u00e1mara de Diputados, Sergio Massa, y su par del Senado, Cristina Kirchner, firmaron la resoluci\u00f3n conjunta para oficializar su designaci\u00f3n.<\/p>\n<p>&#8220;Me comprometo a trabajar con el rigor y la responsabilidad que exigen la conducci\u00f3n del m\u00e1ximo \u00f3rgano de control externo establecido en la Constituci\u00f3n Nacional&#8221;, celebr\u00f3 el actual integrante del cuerpo de auditores nacionales.<\/p>\n<p>En los d\u00edas previos, el PRO hab\u00eda nombrado para ese cargo al ex senador peronista y ex compa\u00f1ero de f\u00f3rmula de Mauricio Macri, Miguel \u00c1ngel Pichetto, quien a pesar de no ser parte del PRO se convirti\u00f3 en uno de los integrantes de la mesa directiva de Juntos por el Cambio.<\/p>\n<p>Desde este cuadro pol\u00edtico argumentaron que la presidencia del organismo encargado de controlar el estado de las cuentas del sector p\u00fablico corresponde al partido de la oposici\u00f3n con mayor cantidad de legisladores en el Congreso, en concordancia con lo que establece la Constituci\u00f3n Nacional.<\/p>\n<p>Sin embargo, la UCR se anticip\u00f3 a sus aliados y, con una interpretaci\u00f3n literal del art\u00edculo 85 de la Constituci\u00f3n Nacional que habla de &#8220;partido&#8221; con mayor cantidad de legisladores y no de &#8220;coalici\u00f3n&#8221;, sum\u00f3 a sus diputados y senadores para mostrar superioridad num\u00e9rica frente al PRO.<\/p>\n<p>Este fin de semana, Pichetto, con el fin de evitar chispas, expres\u00f3: \u201cNo tengo pensado ir como auditor de la AGN. Yo nunca ped\u00ed este cargo, ni formaba parte de mi inter\u00e9s ocupar un espacio en la auditor\u00eda\u201d.<\/p>\n<p>\u201cHay un planteo de ajustarse a la letra de la ley, a contar diputados y senadores, pero yo no voy a entrar en esa. No voy a dividir el frente opositor por un cargo\u201d, remarc\u00f3 en di\u00e1logo con La Capital.<\/p>\n","protected":false},"excerpt":{"rendered":"<p>El presidente de la C\u00e1mara de Diputados, Sergio Massa, y su par del Senado, Cristina Kirchner, firmaron la resoluci\u00f3n este martes &nbsp; &nbsp; Las autoridades de ambas c\u00e1maras del Congreso de la naci\u00f3n oficializaron al radical Jes\u00fas Rodr\u00edguez como nuevo presidente de la Auditor\u00eda General de la Naci\u00f3n (AGN), luego de que se desataran diferencias internas entre el PRO y la UCR por ese cargo. A pesar de que hab\u00eda trascendido su nombramiento la semana pasada luego de que el propio Rodr\u00edguez as\u00ed lo confirmara mediante su cuenta oficial de&#8230;<\/p>\n","protected":false},"author":3,"featured_media":58562,"comment_status":"closed","ping_status":"closed","sticky":false,"template":"","format":"standard","meta":[],"categories":[18],"tags":[],"_links":{"self":[{"href":"https:\/\/www.actualidadadiario.com\/index.php\/wp-json\/wp\/v2\/posts\/58561"}],"collection":[{"href":"https:\/\/www.actualidadadiario.com\/index.php\/wp-json\/wp\/v2\/posts"}],"about":[{"href":"https:\/\/www.actualidadadiario.com\/index.php\/wp-json\/wp\/v2\/types\/post"}],"author":[{"embeddable":true,"href":"https:\/\/www.actualidadadiario.com\/index.php\/wp-json\/wp\/v2\/users\/3"}],"replies":[{"embeddable":true,"href":"https:\/\/www.actualidadadiario.com\/index.php\/wp-json\/wp\/v2\/comments?post=58561"}],"version-history":[{"count":1,"href":"https:\/\/www.actualidadadiario.com\/index.php\/wp-json\/wp\/v2\/posts\/58561\/revisions"}],"predecessor-version":[{"id":58563,"href":"https:\/\/www.actualidadadiario.com\/index.php\/wp-json\/wp\/v2\/posts\/58561\/revisions\/58563"}],"wp:featuredmedia":[{"embeddable":true,"href":"https:\/\/www.actualidadadiario.com\/index.php\/wp-json\/wp\/v2\/media\/58562"}],"wp:attachment":[{"href":"https:\/\/www.actualidadadiario.com\/index.php\/wp-json\/wp\/v2\/media?parent=58561"}],"wp:term":[{"taxonomy":"category","embeddable":true,"href":"https:\/\/www.actualidadadiario.com\/index.php\/wp-json\/wp\/v2\/categories?post=58561"},{"taxonomy":"post_tag","embeddable":true,"href":"https:\/\/www.actualidadadiario.com\/index.php\/wp-json\/wp\/v2\/tags?post=58561"}],"curies":[{"name":"wp","href":"https:\/\/api.w.org\/{rel}","templated":true}]}}