{"id":58558,"date":"2020-03-04T10:13:28","date_gmt":"2020-03-04T13:13:28","guid":{"rendered":"https:\/\/www.actualidadadiario.com\/?p=58558"},"modified":"2020-03-04T10:13:28","modified_gmt":"2020-03-04T13:13:28","slug":"gines-gonzalez-garcia-estamos-cumpliendo-todos-los-protocolos","status":"publish","type":"post","link":"https:\/\/www.actualidadadiario.com\/index.php\/2020\/03\/04\/gines-gonzalez-garcia-estamos-cumpliendo-todos-los-protocolos\/","title":{"rendered":"Gin\u00e9s Gonz\u00e1lez Garc\u00eda: &#8220;Estamos cumpliendo todos los protocolos&#8221;"},"content":{"rendered":"<p style=\"text-align: center;\"><em><strong>El ministro de Salud de la Naci\u00f3n, Gin\u00e9s Gonz\u00e1lez Garc\u00eda, dio precisiones sobre el primer caso de coronavirus en la Argentina. En conferencia de prensa, junto a su par de la Ciudad, Fern\u00e1n Quir\u00f3s, y la secretaria de Acceso a la Salud, Carla Vizzotti, confirm\u00f3 que se trata de un hombre de 43 a\u00f1os, que estuvo en Europa y volvi\u00f3 al pa\u00eds el 1\u00ba de marzo<\/strong><\/em><\/p>\n<p>&nbsp;<\/p>\n<p>&nbsp;<\/p>\n<p>&#8220;Tenemos el primer caso confirmado en el pa\u00eds&#8221;, afirm\u00f3 Gonz\u00e1lez Garc\u00eda desde la sede del Ministerio de Salud de la Naci\u00f3n. &#8220;Estamos cumpliendo con todos los protocolos&#8221;, agreg\u00f3.<\/p>\n<p>El hombre pas\u00f3 parte de su viaje en el norte de Italia y se atendi\u00f3 horas despu\u00e9s de su regreso a la Argentina en la guardia de la Maternidad Suizo-Argentina, donde qued\u00f3 internado.<\/p>\n<p>\u201cHizo una consulta por tos y dolor de garganta\u201d, especific\u00f3 Vizzotti. Se implement\u00f3 el protocolo dispuesto al tratarse de s\u00edntomas de coronavirus y qued\u00f3 aislado. Se tomaron muestras y 24 horas m\u00e1s tarde el laboratorio confirm\u00f3 que el paciente tiene la enfermedad. \u201cEl diagn\u00f3stico es de complejidad leve\u201d, remarc\u00f3 Gonz\u00e1lez Garc\u00eda.<\/p>\n<p>El hombre estuvo fuera del pa\u00eds la segunda quincena de febrero y regres\u00f3 en un vuelo de Alitalia en primera clase, con lo cual tuvo poco contacto con otros pasajeros en el avi\u00f3n. No obstante, ahora se quiere ubicar al resto de los pasajeros para examinarlos.<\/p>\n<p>El ministro subray\u00f3 que el paciente llen\u00f3 el formulario espec\u00edfico al arribar a Ezeiza y que apenas se sinti\u00f3 mal fue a hacerse ver. Vizzotti se\u00f1al\u00f3 que \u201cel contacto social fue realmente bajo\u201d.<\/p>\n<p>Quir\u00f3s cont\u00f3 que el hombre \u201cno tuvo contacto\u201d con otras personas en la sala de espera, lo cual ayuda a que no haya diseminado el virus. El protocolo porte\u00f1o se hab\u00eda distribuido en centros de salud p\u00fablicos y privados, y fue en una cl\u00ednica privada donde se dio el primer caso.<\/p>\n<p>\u201cAhora se investiga a los contactos estrechos del vuelo para hacer un seguimiento. Habr\u00e1 aislamiento domiciliario en esos casos y luego sanitario si se confirman s\u00edntomas\u201d, dijo Vizzotti, quien tambi\u00e9n apunt\u00f3 a que se realizan los controles en Ezeiza \u201cdesde el inicio de la situaci\u00f3n epidemiol\u00f3gica\u201d.<\/p>\n<p>Quir\u00f3s pidi\u00f3 que \u201csi la gente viene de zonas de circulaci\u00f3n sostenida del virus, que no subestime los s\u00edntomas\u201d; y tambi\u00e9n \u201cque haya prudencia en las relaciones sociales entre los diez y catorce d\u00edas posteriores a su regreso\u201d.<\/p>\n<p>Vizzotti record\u00f3 que \u201cse mantienen las recomendaciones\u201d y que \u201cel barbijo es para personas sintom\u00e1ticas\u201d. Sobre el final, Gonz\u00e1lez Garc\u00eda cont\u00f3 que hubo un pedido a los fabricantes de vacunas antigripales que \u201caceleren la producci\u00f3n\u201d, dado que las vacunas se hacen \u201cen base a los virus dominantes del hemisferio norte en invierno\u201d. Tambi\u00e9n dijo que \u201cel sistema de salud funciona\u201d y que \u201ctal como viene pasando espero que mantengamos casos aislados\u201d.<\/p>\n","protected":false},"excerpt":{"rendered":"<p>El ministro de Salud de la Naci\u00f3n, Gin\u00e9s Gonz\u00e1lez Garc\u00eda, dio precisiones sobre el primer caso de coronavirus en la Argentina. En conferencia de prensa, junto a su par de la Ciudad, Fern\u00e1n Quir\u00f3s, y la secretaria de Acceso a la Salud, Carla Vizzotti, confirm\u00f3 que se trata de un hombre de 43 a\u00f1os, que estuvo en Europa y volvi\u00f3 al pa\u00eds el 1\u00ba de marzo &nbsp; &nbsp; &#8220;Tenemos el primer caso confirmado en el pa\u00eds&#8221;, afirm\u00f3 Gonz\u00e1lez Garc\u00eda desde la sede del Ministerio de Salud de la Naci\u00f3n. &#8220;Estamos&#8230;<\/p>\n","protected":false},"author":3,"featured_media":58559,"comment_status":"closed","ping_status":"closed","sticky":false,"template":"","format":"standard","meta":[],"categories":[18],"tags":[],"_links":{"self":[{"href":"https:\/\/www.actualidadadiario.com\/index.php\/wp-json\/wp\/v2\/posts\/58558"}],"collection":[{"href":"https:\/\/www.actualidadadiario.com\/index.php\/wp-json\/wp\/v2\/posts"}],"about":[{"href":"https:\/\/www.actualidadadiario.com\/index.php\/wp-json\/wp\/v2\/types\/post"}],"author":[{"embeddable":true,"href":"https:\/\/www.actualidadadiario.com\/index.php\/wp-json\/wp\/v2\/users\/3"}],"replies":[{"embeddable":true,"href":"https:\/\/www.actualidadadiario.com\/index.php\/wp-json\/wp\/v2\/comments?post=58558"}],"version-history":[{"count":1,"href":"https:\/\/www.actualidadadiario.com\/index.php\/wp-json\/wp\/v2\/posts\/58558\/revisions"}],"predecessor-version":[{"id":58560,"href":"https:\/\/www.actualidadadiario.com\/index.php\/wp-json\/wp\/v2\/posts\/58558\/revisions\/58560"}],"wp:featuredmedia":[{"embeddable":true,"href":"https:\/\/www.actualidadadiario.com\/index.php\/wp-json\/wp\/v2\/media\/58559"}],"wp:attachment":[{"href":"https:\/\/www.actualidadadiario.com\/index.php\/wp-json\/wp\/v2\/media?parent=58558"}],"wp:term":[{"taxonomy":"category","embeddable":true,"href":"https:\/\/www.actualidadadiario.com\/index.php\/wp-json\/wp\/v2\/categories?post=58558"},{"taxonomy":"post_tag","embeddable":true,"href":"https:\/\/www.actualidadadiario.com\/index.php\/wp-json\/wp\/v2\/tags?post=58558"}],"curies":[{"name":"wp","href":"https:\/\/api.w.org\/{rel}","templated":true}]}}