{"id":58555,"date":"2020-03-04T10:12:42","date_gmt":"2020-03-04T13:12:42","guid":{"rendered":"https:\/\/www.actualidadadiario.com\/?p=58555"},"modified":"2020-03-04T10:12:42","modified_gmt":"2020-03-04T13:12:42","slug":"el-gobierno-le-otorgo-a-garcia-linera-el-dni-argentino","status":"publish","type":"post","link":"https:\/\/www.actualidadadiario.com\/index.php\/2020\/03\/04\/el-gobierno-le-otorgo-a-garcia-linera-el-dni-argentino\/","title":{"rendered":"El Gobierno le otorg\u00f3 a Garc\u00eda Linera el DNI argentino"},"content":{"rendered":"<p style=\"text-align: center;\"><em><strong>El ministro de Interior, Eduardo &#8220;Wado&#8221; de Pedro, le entreg\u00f3 el Documento Nacional de Identidad (DNI) temporal al ex vicepresidente de Bolivia, \u00c1lvaro Garc\u00eda Linera, y asegur\u00f3 que el gobierno nacional tiene &#8220;un compromiso con la democracia y los derechos humanos&#8221;, tras recibir al economista boliviano en la Casa de Gobierno<\/strong><\/em><\/p>\n<p>&nbsp;<\/p>\n<p>A trav\u00e9s de su cuenta de Twitter, De Pedro anunci\u00f3 que le entreg\u00f3 &#8220;el DNI temporal a \u00c1lvaro Garc\u00eda Linera&#8221; y record\u00f3: &#8220;Como dice el presidente Alberto Fern\u00e1ndez, nuestro compromiso es con la democracia y el respeto al Estado de Derecho y a los Derechos Humanos&#8221;.<\/p>\n<p>Ante la solicitud de Garc\u00eda Linera de la residencia temporaria en la Argentina, De Pedro lo recibi\u00f3 en su despacho de la Rosada y se expres\u00f3 respecto a la situaci\u00f3n en el vecino pa\u00eds: &#8220;Esperamos la pronta democratizaci\u00f3n de Bolivia, con la participaci\u00f3n de su pueblo&#8221;.<\/p>\n<p>Por su parte, el ex vicepresidente durante la gesti\u00f3n de Evo Morales se mostr\u00f3 agradecido por el buen trato y la hospitalidad de los argentinos y por el apoyo del gobierno de Alberto Fern\u00e1ndez, contaron fuentes de Casa Rosada.<\/p>\n<p>Morales, en tanto, aguarda la resoluci\u00f3n de los tr\u00e1mites que realiza en la Comisi\u00f3n Nacional para los Refugiados (CONARE), la que est\u00e1 abocada a expedirse sobre su pedido de refugiado. Una vez resuelto oficialmente su estatus, el Gobierno ya adelant\u00f3 la voluntad de otorgarle el DNI argentino.<\/p>\n","protected":false},"excerpt":{"rendered":"<p>El ministro de Interior, Eduardo &#8220;Wado&#8221; de Pedro, le entreg\u00f3 el Documento Nacional de Identidad (DNI) temporal al ex vicepresidente de Bolivia, \u00c1lvaro Garc\u00eda Linera, y asegur\u00f3 que el gobierno nacional tiene &#8220;un compromiso con la democracia y los derechos humanos&#8221;, tras recibir al economista boliviano en la Casa de Gobierno &nbsp; A trav\u00e9s de su cuenta de Twitter, De Pedro anunci\u00f3 que le entreg\u00f3 &#8220;el DNI temporal a \u00c1lvaro Garc\u00eda Linera&#8221; y record\u00f3: &#8220;Como dice el presidente Alberto Fern\u00e1ndez, nuestro compromiso es con la democracia y el respeto al&#8230;<\/p>\n","protected":false},"author":3,"featured_media":58556,"comment_status":"closed","ping_status":"closed","sticky":false,"template":"","format":"standard","meta":[],"categories":[18],"tags":[],"_links":{"self":[{"href":"https:\/\/www.actualidadadiario.com\/index.php\/wp-json\/wp\/v2\/posts\/58555"}],"collection":[{"href":"https:\/\/www.actualidadadiario.com\/index.php\/wp-json\/wp\/v2\/posts"}],"about":[{"href":"https:\/\/www.actualidadadiario.com\/index.php\/wp-json\/wp\/v2\/types\/post"}],"author":[{"embeddable":true,"href":"https:\/\/www.actualidadadiario.com\/index.php\/wp-json\/wp\/v2\/users\/3"}],"replies":[{"embeddable":true,"href":"https:\/\/www.actualidadadiario.com\/index.php\/wp-json\/wp\/v2\/comments?post=58555"}],"version-history":[{"count":1,"href":"https:\/\/www.actualidadadiario.com\/index.php\/wp-json\/wp\/v2\/posts\/58555\/revisions"}],"predecessor-version":[{"id":58557,"href":"https:\/\/www.actualidadadiario.com\/index.php\/wp-json\/wp\/v2\/posts\/58555\/revisions\/58557"}],"wp:featuredmedia":[{"embeddable":true,"href":"https:\/\/www.actualidadadiario.com\/index.php\/wp-json\/wp\/v2\/media\/58556"}],"wp:attachment":[{"href":"https:\/\/www.actualidadadiario.com\/index.php\/wp-json\/wp\/v2\/media?parent=58555"}],"wp:term":[{"taxonomy":"category","embeddable":true,"href":"https:\/\/www.actualidadadiario.com\/index.php\/wp-json\/wp\/v2\/categories?post=58555"},{"taxonomy":"post_tag","embeddable":true,"href":"https:\/\/www.actualidadadiario.com\/index.php\/wp-json\/wp\/v2\/tags?post=58555"}],"curies":[{"name":"wp","href":"https:\/\/api.w.org\/{rel}","templated":true}]}}