{"id":58553,"date":"2020-03-04T10:11:48","date_gmt":"2020-03-04T13:11:48","guid":{"rendered":"https:\/\/www.actualidadadiario.com\/?p=58553"},"modified":"2020-03-04T10:11:48","modified_gmt":"2020-03-04T13:11:48","slug":"esperan-lograr-dictamen-de-comision-por-las-jubilaciones-de-privilegio","status":"publish","type":"post","link":"https:\/\/www.actualidadadiario.com\/index.php\/2020\/03\/04\/esperan-lograr-dictamen-de-comision-por-las-jubilaciones-de-privilegio\/","title":{"rendered":"Esperan lograr dictamen de comisi\u00f3n por las jubilaciones de privilegio"},"content":{"rendered":"<p style=\"text-align: center;\"><em><strong>Desde las 17, un plenario de comisiones de Trabajo y Previsi\u00f3n Social y de Presupuesto tratar\u00e1 la eliminaci\u00f3n de los reg\u00edmenes especiales de jubilaci\u00f3n, con el objetivo de llevarlo al recinto la semana pr\u00f3xima<\/strong><\/em><\/p>\n<p>&nbsp;<\/p>\n<p>El oficialismo intentar\u00e1 este mi\u00e9rcoles conseguir dictamen favorable para el proyecto de ley que limita el r\u00e9gimen de jubilaciones de privilegio de jueces, fiscales y diplom\u00e1ticos, durante un plenario de comisiones del Senado, en el que la oposici\u00f3n condicion\u00f3 el apoyo a la aceptaci\u00f3n de cambios en algunos art\u00edculos.<\/p>\n<p>Un plenario de las comisiones de Trabajo y Previsi\u00f3n Social y de Presupuesto, que conducen Daniel Lovera y Carlos Caserio respectivamente, abordar\u00e1 desde las 17 la discusi\u00f3n sobre las jubilaciones de privilegio con la meta puesta en llevarla al recinto una semana despu\u00e9s.<\/p>\n<p>De la reuni\u00f3n, participar\u00e1n como expositores el ministro de Trabajo, Claudio Moroni; el titular de la Anses, Alejandro Vanoli; y el secretario de Seguridad Social, Luis Bulit Go\u00f1i; adem\u00e1s de sindicalistas y representantes de asociaciones judiciales y diplom\u00e1ticas.<\/p>\n<p>&nbsp;<\/p>\n<p><strong>El oficialismo<\/strong><\/p>\n<p>El bloque del Frente de Todos, que conduce el formose\u00f1o Jos\u00e9 Mayans, no acompa\u00f1ar\u00eda los pedidos de cambios de la oposici\u00f3n ya que, en caso de hacerlo, la propuesta deber\u00eda volver a ser tratada por la C\u00e1mara baja, que le dio media sanci\u00f3n la semana pasada, informaron fuentes parlamentarias.<\/p>\n<p>Mayans consider\u00f3 que &#8220;los tiempos apremian&#8221; para la b\u00fasqueda de &#8220;soluciones al d\u00e9ficit que provoca el sistema previsional argentino&#8221; y advirti\u00f3 que durante los gobiernos peronistas &#8220;esto no ocurr\u00eda&#8221;.<\/p>\n<p>&nbsp;<\/p>\n<p><strong>La oposici\u00f3n<\/strong><\/p>\n<p>Desde la oposici\u00f3n, el presidente del interbloque de Cambiemos, Luis Naidenoff, no descart\u00f3 acompa\u00f1ar la iniciativa porque dijo estar de acuerdo con el fin de los reg\u00edmenes de excepci\u00f3n en Argentina, pero aclar\u00f3 que no se someter\u00eda &#8220;a ning\u00fan tipo de extorsi\u00f3n&#8221;.<\/p>\n<p>En ese sentido, fuentes de la principal bancada opositora indicaron que podr\u00edan pedirse retoques a algunos art\u00edculos del texto aprobado por los diputados, y que estar\u00edan relacionados con que se mantengan los beneficios para aquellos miembros del Poder Judicial y del Servicio Exterior a los que ya se les otorg\u00f3 la aceptaci\u00f3n de la jubilaci\u00f3n.<\/p>\n<p>Durante el debate en la C\u00e1mara de Diputados, el bloque de Juntos por el Cambio, que comanda el radical Mario Negri, se retir\u00f3 del recinto luego de objetar la presencia de Daniel Scioli y denunciar irregularidades para la obtenci\u00f3n del qu\u00f3rum.<\/p>\n<p>La oposici\u00f3n y asociaciones de magistrados acusaron al gobierno nacional de intentar &#8220;avanzar sobre el Poder Judicial&#8221; y, ante el eventual cambio de las condiciones de jubilaci\u00f3n, trascendi\u00f3 que podr\u00edan precipitarse renuncias masivas de jueces y fiscales.<\/p>\n<p>&nbsp;<\/p>\n<p><strong>Siguen las renuncias de jueces<\/strong><\/p>\n<p>En este contexto, el gobierno acept\u00f3 el martes la renuncia de cuatro jueces y una fiscal, mediante la publicaci\u00f3n de decretos en el Bolet\u00edn Oficial, que llevan la firma del presidente Alberto Fern\u00e1ndez.<\/p>\n<p>Se trata de los camaristas del Tribunal Oral en lo Criminal y Correccional 2, Fernando Larra\u00edn; del Tribunal Oral en lo Penal Econ\u00f3mico 2, Oscar Lemos; del Tribunal Oral en lo Criminal y Correccional 18, Ricardo Rojas, y de la jueza federal de Ejecuciones Fiscales Tributarias 3, Rita de la Ascensi\u00f3n Garese y de la fiscal general ante los Tribunales Orales en lo Criminal y Correccional de la Capital Federal, Irma Garc\u00eda Netto.<\/p>\n<p>Las renuncias se conocieron en medio de tratamiento legislativo del proyecto de ley del Poder Ejecutivo, que recibi\u00f3 cr\u00edticas de los magistrados porque consideran que tuvieron &#8220;poca participaci\u00f3n&#8221; en la discusi\u00f3n de la propuesta.<\/p>\n<p>&nbsp;<\/p>\n<p><strong>El proyecto<\/strong><\/p>\n<p>La propuesta del gobierno establece una nueva f\u00f3rmula para calcular el haber inicial que hoy es del 82 por ciento del \u00faltimo sueldo y que en el futuro se har\u00e1 en base al promedio de las \u00faltimas 120 remuneraciones al valor actualizado.<\/p>\n<p>Adem\u00e1s, aumenta en forma gradual a 65 a\u00f1os la edad para acceder en el caso de los hombres al beneficio jubilatorio, pero mantiene en 60 a\u00f1os la opci\u00f3n para las mujeres.<\/p>\n<p>El texto aprobado por la C\u00e1mara de Diputados sostiene adem\u00e1s que para acceder al r\u00e9gimen de privilegio deber\u00e1n haber trabajado 10 a\u00f1os seguidos en el Poder Judicial o 15 a\u00f1os en forma interrumpida de los 30 a\u00f1os que deber\u00e1n haber aportado al sistema jubilatorio.<\/p>\n","protected":false},"excerpt":{"rendered":"<p>Desde las 17, un plenario de comisiones de Trabajo y Previsi\u00f3n Social y de Presupuesto tratar\u00e1 la eliminaci\u00f3n de los reg\u00edmenes especiales de jubilaci\u00f3n, con el objetivo de llevarlo al recinto la semana pr\u00f3xima &nbsp; El oficialismo intentar\u00e1 este mi\u00e9rcoles conseguir dictamen favorable para el proyecto de ley que limita el r\u00e9gimen de jubilaciones de privilegio de jueces, fiscales y diplom\u00e1ticos, durante un plenario de comisiones del Senado, en el que la oposici\u00f3n condicion\u00f3 el apoyo a la aceptaci\u00f3n de cambios en algunos art\u00edculos. Un plenario de las comisiones de&#8230;<\/p>\n","protected":false},"author":3,"featured_media":57937,"comment_status":"closed","ping_status":"closed","sticky":false,"template":"","format":"standard","meta":[],"categories":[9],"tags":[],"_links":{"self":[{"href":"https:\/\/www.actualidadadiario.com\/index.php\/wp-json\/wp\/v2\/posts\/58553"}],"collection":[{"href":"https:\/\/www.actualidadadiario.com\/index.php\/wp-json\/wp\/v2\/posts"}],"about":[{"href":"https:\/\/www.actualidadadiario.com\/index.php\/wp-json\/wp\/v2\/types\/post"}],"author":[{"embeddable":true,"href":"https:\/\/www.actualidadadiario.com\/index.php\/wp-json\/wp\/v2\/users\/3"}],"replies":[{"embeddable":true,"href":"https:\/\/www.actualidadadiario.com\/index.php\/wp-json\/wp\/v2\/comments?post=58553"}],"version-history":[{"count":1,"href":"https:\/\/www.actualidadadiario.com\/index.php\/wp-json\/wp\/v2\/posts\/58553\/revisions"}],"predecessor-version":[{"id":58554,"href":"https:\/\/www.actualidadadiario.com\/index.php\/wp-json\/wp\/v2\/posts\/58553\/revisions\/58554"}],"wp:featuredmedia":[{"embeddable":true,"href":"https:\/\/www.actualidadadiario.com\/index.php\/wp-json\/wp\/v2\/media\/57937"}],"wp:attachment":[{"href":"https:\/\/www.actualidadadiario.com\/index.php\/wp-json\/wp\/v2\/media?parent=58553"}],"wp:term":[{"taxonomy":"category","embeddable":true,"href":"https:\/\/www.actualidadadiario.com\/index.php\/wp-json\/wp\/v2\/categories?post=58553"},{"taxonomy":"post_tag","embeddable":true,"href":"https:\/\/www.actualidadadiario.com\/index.php\/wp-json\/wp\/v2\/tags?post=58553"}],"curies":[{"name":"wp","href":"https:\/\/api.w.org\/{rel}","templated":true}]}}