{"id":58543,"date":"2020-03-04T10:08:47","date_gmt":"2020-03-04T13:08:47","guid":{"rendered":"https:\/\/www.actualidadadiario.com\/?p=58543"},"modified":"2020-03-04T10:08:47","modified_gmt":"2020-03-04T13:08:47","slug":"la-justicia-rechazo-un-amparo-contra-el-fin-de-la-formula-jubilatoria","status":"publish","type":"post","link":"https:\/\/www.actualidadadiario.com\/index.php\/2020\/03\/04\/la-justicia-rechazo-un-amparo-contra-el-fin-de-la-formula-jubilatoria\/","title":{"rendered":"La Justicia rechaz\u00f3 un amparo contra el fin de la f\u00f3rmula jubilatoria"},"content":{"rendered":"<p style=\"text-align: center;\"><em><strong>La jueza de la Seguridad Social Silvia Saino rechaz\u00f3 el amparo colectivo presentado contra el decreto del presidente Alberto Fern\u00e1ndez, que dispuso un aumento discrecional de las jubilaciones, en reemplazo de la f\u00f3rmula de movilidad. La magistrada se\u00f1al\u00f3 que las presentaciones deber\u00edan hacerse en forma individual<\/strong><\/em><\/p>\n<p>&nbsp;<\/p>\n<p>El pedido de inconstitucionalidad del decreto llevaba como demandantes a la jubilada Silvia In\u00e9s Lezaun y a la Asociaci\u00f3n Civil A\u00f1os, aunque el amparo colectivo era para el conjunto de los jubilados alcanzados por la medida.<\/p>\n<p>En su fallo, la jueza afirm\u00f3 que no corresponde dar legitimaci\u00f3n a la ONG demandante: &#8220;En el caso de la Asociaci\u00f3n Civil A\u00f1os, no estamos en presencia de derechos de incidencia colectiva referentes a intereses individuales homog\u00e9neos, ya que puede ser dividida [la incidencia de lo establecido] en tantos reclamos judiciales como sujetos se encuentren incluidos&#8221;.<\/p>\n<p>De esta forma, consider\u00f3 que el reclamo, que englobaba a unos 7.000 casos, deber\u00e1 ser hecho de manera individual. Ahora el fallo podr\u00e1 ser apelado ante la C\u00e1mara. Los impulsores buscan que se restablezca la f\u00f3rmula de movilidad anterior, la de la Ley 24.426, para todos los jubilados y pensionados que no cobran el haber m\u00ednimo.<\/p>\n<p>En diciembre del a\u00f1o pasado, el Congreso sancion\u00f3 la Ley de Solidaridad y Reactivaci\u00f3n Productiva, a trav\u00e9s de la cual se declar\u00f3 la emergencia p\u00fablica. Entre otras decisiones, se suspendi\u00f3 por seis meses la aplicaci\u00f3n de la f\u00f3rmula de movilidad para la actualizaci\u00f3n trimestral de las jubilaciones y pensiones, que hab\u00eda sido aprobada durante la gesti\u00f3n del ex presidente Mauricio Macri.<\/p>\n<p>Dos meses despu\u00e9s, Fern\u00e1ndez anunci\u00f3 que las jubilaciones y pensiones del r\u00e9gimen general recibir\u00edan en marzo un aumento de 2,3% m\u00e1s una suma fija de $1.500. As\u00ed, por decreto, la Casa Rosada dispuso que la jubilaci\u00f3n m\u00ednima, que perciben unos 3,5 millones de jubilados, se ubique en $15.892. El ajuste implica un incremento del 13%, pero el porcentaje de aumento se va reduciendo para las jubilaciones m\u00e1s altas.<\/p>\n","protected":false},"excerpt":{"rendered":"<p>La jueza de la Seguridad Social Silvia Saino rechaz\u00f3 el amparo colectivo presentado contra el decreto del presidente Alberto Fern\u00e1ndez, que dispuso un aumento discrecional de las jubilaciones, en reemplazo de la f\u00f3rmula de movilidad. La magistrada se\u00f1al\u00f3 que las presentaciones deber\u00edan hacerse en forma individual &nbsp; El pedido de inconstitucionalidad del decreto llevaba como demandantes a la jubilada Silvia In\u00e9s Lezaun y a la Asociaci\u00f3n Civil A\u00f1os, aunque el amparo colectivo era para el conjunto de los jubilados alcanzados por la medida. En su fallo, la jueza afirm\u00f3 que&#8230;<\/p>\n","protected":false},"author":3,"featured_media":40359,"comment_status":"closed","ping_status":"closed","sticky":false,"template":"","format":"standard","meta":[],"categories":[2],"tags":[],"_links":{"self":[{"href":"https:\/\/www.actualidadadiario.com\/index.php\/wp-json\/wp\/v2\/posts\/58543"}],"collection":[{"href":"https:\/\/www.actualidadadiario.com\/index.php\/wp-json\/wp\/v2\/posts"}],"about":[{"href":"https:\/\/www.actualidadadiario.com\/index.php\/wp-json\/wp\/v2\/types\/post"}],"author":[{"embeddable":true,"href":"https:\/\/www.actualidadadiario.com\/index.php\/wp-json\/wp\/v2\/users\/3"}],"replies":[{"embeddable":true,"href":"https:\/\/www.actualidadadiario.com\/index.php\/wp-json\/wp\/v2\/comments?post=58543"}],"version-history":[{"count":1,"href":"https:\/\/www.actualidadadiario.com\/index.php\/wp-json\/wp\/v2\/posts\/58543\/revisions"}],"predecessor-version":[{"id":58544,"href":"https:\/\/www.actualidadadiario.com\/index.php\/wp-json\/wp\/v2\/posts\/58543\/revisions\/58544"}],"wp:featuredmedia":[{"embeddable":true,"href":"https:\/\/www.actualidadadiario.com\/index.php\/wp-json\/wp\/v2\/media\/40359"}],"wp:attachment":[{"href":"https:\/\/www.actualidadadiario.com\/index.php\/wp-json\/wp\/v2\/media?parent=58543"}],"wp:term":[{"taxonomy":"category","embeddable":true,"href":"https:\/\/www.actualidadadiario.com\/index.php\/wp-json\/wp\/v2\/categories?post=58543"},{"taxonomy":"post_tag","embeddable":true,"href":"https:\/\/www.actualidadadiario.com\/index.php\/wp-json\/wp\/v2\/tags?post=58543"}],"curies":[{"name":"wp","href":"https:\/\/api.w.org\/{rel}","templated":true}]}}