{"id":58529,"date":"2020-03-04T10:04:40","date_gmt":"2020-03-04T13:04:40","guid":{"rendered":"https:\/\/www.actualidadadiario.com\/?p=58529"},"modified":"2020-03-04T10:04:40","modified_gmt":"2020-03-04T13:04:40","slug":"se-conocieron-los-nuevos-jefes-de-las-comisarias-del-dpto-federacion","status":"publish","type":"post","link":"https:\/\/www.actualidadadiario.com\/index.php\/2020\/03\/04\/se-conocieron-los-nuevos-jefes-de-las-comisarias-del-dpto-federacion\/","title":{"rendered":"Se conocieron los nuevos jefes de las comisar\u00edas del Dpto. Federaci\u00f3n"},"content":{"rendered":"<p style=\"text-align: center;\"><em><strong>En la noche de este martes, el flamante jefe de la Polic\u00eda Departamental Federaci\u00f3n, Fabio Noya, dio a conocer las duplas que comandar\u00e1n las diferentes comisar\u00edas del departamento. El jueves asumir\u00e1n las nuevas autoridades en Chajar\u00ed y luego se continuar\u00e1 en el resto de las dependencias<\/strong><\/em><\/p>\n<p>&nbsp;<\/p>\n<p>De acuerdo a lo precisado, estos son los nombres que estar\u00e1n al frente de las distintas comisar\u00edas:<\/p>\n<p>&nbsp;<\/p>\n<ul>\n<li><strong>Cr\u00eda. N\u00b0 1 Chajar\u00ed:<\/strong><\/li>\n<\/ul>\n<p>Jefe Crio. Dom\u00ednguez Walter.<\/p>\n<p>Subjefe Sub Crio. Terrusi Miguel.<\/p>\n<p>&nbsp;<\/p>\n<ul>\n<li><strong>Cr\u00eda. N\u00b0 2 Parque:<\/strong><\/li>\n<\/ul>\n<p>Jefe Sub Crio. Cardozo Mauricio.<\/p>\n<p>&nbsp;<\/p>\n<ul>\n<li><strong>Cr\u00eda. N\u00b0 3 Federaci\u00f3n:<\/strong><\/li>\n<\/ul>\n<p>Jefe Sub Crio. Santa Cruz Carlos<\/p>\n<p>Subjefe Of. Ppal. Geuna C\u00e9sar.<\/p>\n<p>&nbsp;<\/p>\n<ul>\n<li><strong>Cr\u00eda. N\u00b0 23 Suburbio:<\/strong><\/li>\n<\/ul>\n<p>Jefe Of. Ppal. \u00c1lvarez Pablo<\/p>\n<p>&nbsp;<\/p>\n<ul>\n<li><strong>Cr\u00eda. N\u00b0 15 San Jaime:<\/strong><\/li>\n<\/ul>\n<p>Jefe Sub Crio. Lena Juan<\/p>\n<p>Subjefe Of. Inspector Preisler Jos\u00e9.<\/p>\n<p>&nbsp;<\/p>\n<ul>\n<li><strong>Cr\u00eda. N\u00b0 16 Los Conquistadores:<\/strong><\/li>\n<\/ul>\n<p>Jefe Of. Ppal. Maschio Mauricio<\/p>\n<p>Subjefe Of. Ppal. Godetti Jorge.<\/p>\n<p>&nbsp;<\/p>\n<ul>\n<li><strong>Cr\u00eda. N\u00b0 19 Santa Ana:<\/strong><\/li>\n<\/ul>\n<p>Jefe Crio. C\u00e1ceres Silvio<\/p>\n<p>Subjefe Of. Ppal. Ruiz D\u00edaz Roberto<\/p>\n<p>&nbsp;<\/p>\n<ul>\n<li><strong>Cr\u00eda. N\u00b0 21 Villa del Rosario:<\/strong><\/li>\n<\/ul>\n<p>Jefe Sub Crio Romero Claudio<\/p>\n<p>Subjefe Of. Ppal Fern\u00e1ndez Guillermo<\/p>\n<p>&nbsp;<\/p>\n<ul>\n<li><strong>Cr\u00eda. N\u00b0 17 Mandisov\u00ed:<\/strong><\/li>\n<\/ul>\n<p>Jefe Sub Crio. N\u00fa\u00f1ez Leonardo<\/p>\n","protected":false},"excerpt":{"rendered":"<p>En la noche de este martes, el flamante jefe de la Polic\u00eda Departamental Federaci\u00f3n, Fabio Noya, dio a conocer las duplas que comandar\u00e1n las diferentes comisar\u00edas del departamento. El jueves asumir\u00e1n las nuevas autoridades en Chajar\u00ed y luego se continuar\u00e1 en el resto de las dependencias &nbsp; De acuerdo a lo precisado, estos son los nombres que estar\u00e1n al frente de las distintas comisar\u00edas: &nbsp; Cr\u00eda. N\u00b0 1 Chajar\u00ed: Jefe Crio. Dom\u00ednguez Walter. Subjefe Sub Crio. Terrusi Miguel. &nbsp; Cr\u00eda. N\u00b0 2 Parque: Jefe Sub Crio. Cardozo Mauricio. &nbsp; Cr\u00eda&#8230;.<\/p>\n","protected":false},"author":3,"featured_media":57754,"comment_status":"closed","ping_status":"closed","sticky":false,"template":"","format":"standard","meta":[],"categories":[15],"tags":[],"_links":{"self":[{"href":"https:\/\/www.actualidadadiario.com\/index.php\/wp-json\/wp\/v2\/posts\/58529"}],"collection":[{"href":"https:\/\/www.actualidadadiario.com\/index.php\/wp-json\/wp\/v2\/posts"}],"about":[{"href":"https:\/\/www.actualidadadiario.com\/index.php\/wp-json\/wp\/v2\/types\/post"}],"author":[{"embeddable":true,"href":"https:\/\/www.actualidadadiario.com\/index.php\/wp-json\/wp\/v2\/users\/3"}],"replies":[{"embeddable":true,"href":"https:\/\/www.actualidadadiario.com\/index.php\/wp-json\/wp\/v2\/comments?post=58529"}],"version-history":[{"count":1,"href":"https:\/\/www.actualidadadiario.com\/index.php\/wp-json\/wp\/v2\/posts\/58529\/revisions"}],"predecessor-version":[{"id":58530,"href":"https:\/\/www.actualidadadiario.com\/index.php\/wp-json\/wp\/v2\/posts\/58529\/revisions\/58530"}],"wp:featuredmedia":[{"embeddable":true,"href":"https:\/\/www.actualidadadiario.com\/index.php\/wp-json\/wp\/v2\/media\/57754"}],"wp:attachment":[{"href":"https:\/\/www.actualidadadiario.com\/index.php\/wp-json\/wp\/v2\/media?parent=58529"}],"wp:term":[{"taxonomy":"category","embeddable":true,"href":"https:\/\/www.actualidadadiario.com\/index.php\/wp-json\/wp\/v2\/categories?post=58529"},{"taxonomy":"post_tag","embeddable":true,"href":"https:\/\/www.actualidadadiario.com\/index.php\/wp-json\/wp\/v2\/tags?post=58529"}],"curies":[{"name":"wp","href":"https:\/\/api.w.org\/{rel}","templated":true}]}}